{"id":356050,"date":"2022-09-27T12:05:32","date_gmt":"2022-09-27T10:05:32","guid":{"rendered":"https:\/\/www.pcnen.com\/portal\/?p=356050"},"modified":"2022-09-27T12:07:37","modified_gmt":"2022-09-27T10:07:37","slug":"milan-vujotic-uhapsen-u-turskoj","status":"publish","type":"post","link":"https:\/\/www.pcnen.com\/portal\/2022\/09\/27\/milan-vujotic-uhapsen-u-turskoj\/","title":{"rendered":"Milan Vujoti\u0107 uhap\u0161en u Turskoj"},"content":{"rendered":"<p>Vujoti\u0107 je uhap\u0161en nekoliko dana nakon velike akcije turske policije koja je, 19. septembra ove godine, uhapsila 12 osoba, za koje se vjeruje da su povezani sa likvidacijom vo\u0111e \u0161kaljarskog klana Jovana Vukoti\u0107a.<\/p>\n<p>&#8220;Dobili smo potvrdu o hap\u0161enju Vujoti\u0107a&#8221;, kazao je sagovornik Vijesti.<\/p>\n<p>Turski portal Ajansmanisa objavio je da je nakndano uhap\u0161ena jo\u0161 jedna osoba nakon \u0161to je u operaciji tamo\u0161nje policije rasvijetljeno ubistvo Vukoti\u0107a, koji je usmr\u0107en 8. septembra u Istanbulu dok se u automobilu nalazio sa nevjen\u010danom suprugom i k\u0107erkom.<\/p>\n<p>&#8220;Osumnji\u010denog, \u010dije je saslu\u0161anje zavr\u0161eno, pravosudni organi su uhapsili i uputili u zatvor&#8221;, pi\u0161e portal.<\/p>\n<p>U vi\u0161egodi\u0161njem krvavom ratu dvije kriminalne organizacije iz Crne Gore &#8211; Podgori\u010danin Milan Vujoti\u0107 trebalo je da bude prva \u017ertva ali je \u010dudom pre\u017eivio kada je po\u010detkom februara 2015. godine, u sred bijela dana aktivirana eksplozivna naprava ispod njegovog blindiranog automobila &#8220;audi&#8221; A-8, u blizini vrti\u0107a u Bloku 5 u Podgorici.<\/p>\n<p>Istog dana u kasnim ve\u010dernjim \u010dasovima u podzemnoj gara\u017ei na Novom Beogradu ubijen je Goran Radoman (37) sa Cetinja, a u ratu dvije kriminalne grupe usmr\u0107eno je najmanje 60 osoba.<\/p>\n<p>Protiv Milana Vujoti\u0107a raspisana je me\u0111unarodna potjernica zbog nekoliko optu\u017enica, koje su u Crnoj Gori podignute protiv njega, a zbog optu\u017ebi da je kao \u010dlan kava\u010dke grupe organizovao me\u0111unarodni \u0161verc narkotika, ubistva&#8230; Specijalno dr\u017eavno tu\u017eilastvo podiglo je optu\u017enicu protiv Slobodana Ka\u0161\u0107elana (58) i njegove trinaesto\u010dlane kriminalne organizacije, me\u0111u kojima i Vujoti\u0107a, zbog optu\u017ebi da su odgovorni za ubistvo Nikole Stani\u0161i\u0107a po\u010detkom avgusta 2020. godine.<\/p>\n<p>Ime Milana Vujoti\u0107a na\u0161lo se i u optu\u017enici SDT-a zbog tvrdnji da je imao ulogu tokom otmice, a potom i ubistva Milete Radulovi\u0107a zvanog Kapetan, koji je ubijen 14. oktobra 2020. godine.<\/p>\n<p>Optu\u017enica za to ubistvo podignuta je protiv srpskih dr\u017eavljana Veljka Belivuka, Marka Miljkovi\u0107a, Neboj\u0161e Jankovi\u0107a i Ratka \u017divkovi\u0107a. Na optu\u017enici se nalaze i imena odbjeglog Radoja Zvicera, Dragana Kne\u017eevi\u0107a, Du\u0161ka Roganovi\u0107a i Vladimira Vu\u010dkovi\u0107a.<\/p>\n<p>SDT je krajem jula ove godine krivi\u010dnom prijavom obuhvatilo 12 osoba, me\u0111u kojima i Milana Vujoti\u0107a, zbog sumnje da su organizovali ili bili dio kriminalne grupe, koja je navodno planirala ubistvo Jovana Vukoti\u0107a, dok se tokom 2020. godine nalazio u Zavodu za izvr\u0161enje krivi\u010dnih sankcija u Spu\u017eu. Krivi\u010dnom prijavom obuhva\u0107eni su i odbjegli vo\u0111a kava\u010dke organizacije &#8211; Radoje Zvicer ali i Kotoranin Slobodan Ka\u0161\u0107elan, koji se nalazi u Istra\u017enom pritvoru. \u010clanovi kriminalne organizacije, kako vjeruje SDT, su i osumnji\u010deni &#8211; Dragan Kne\u017eevi\u0107, Goran Vuk\u010devi\u0107, Igor Terzi\u0107, Stefan Kraljevi\u0107, Danilo Baki\u0107, Radovan Mujovi\u0107, Filip Kne\u017eevi\u0107 i Ratko \u017divkovi\u0107.<\/p>\n<p>Protiv Vujoti\u0107a vodi se i krivi\u010dni proces u Sloveniji, a tamo\u0161nje tu\u017eila\u0161tvo je krajem \u0161ro\u0161le godine protiv njega i jo\u0161 24 osobe podiglo optu\u017enicu zbog me\u0111unarodnog \u0161verca narkotika. Slovena\u010dka policija i tu\u017eila\u0161tvo oktirli su \u0107eliju kava\u010dkog klana koja je djelovala u toj zemlji, a vjeruje se da su pro\u0161vercovali najmanje 790 kilograma kokaina, oru\u017eje, ali i iz \u0160\u0161anije u Beograd prebacili 5,6 miliona eura u ke\u0161u. Slovena\u010dke vlasti domogle su se kriptovane komunikacije izme\u0111u vi\u0161e osumnji\u010denih, koja pokazuje i ko je bio zadu\u017een da za kava\u010dki klan transportuje drogu do \u0160panije, odakle su je dalje \u0161vercovali u dr\u017eave Evropske unije. Prema tim spisima, Slovenci sumnji\u010de Podgori\u010danina Milana Vujoti\u0107a da je neutvr\u0111enog dana 2018. godine \u201cdopustio\u201d Filipu Vrzi\u0107u da u Sloveniji osnuje \u0107eliju kava\u010dkog klana. Vujoti\u0107, za kojeg tvrde da je na aplikaciji Sky imao nadimak \u201cLavitese\u201d.<\/p>\n","protected":false},"excerpt":{"rendered":"<p>Visokopozicionirani \u010dlan kava\u010dke grupe Podgori\u010danin Milan Vujoti\u0107 uhap\u0161en je po me\u0111unardnoj potjernici u Turskoj, saznaju Vijesti u vrhu Uprave policije.<\/p>\n","protected":false},"author":1,"featured_media":0,"comment_status":"open","ping_status":"closed","sticky":false,"template":"","format":"standard","meta":{"_seopress_robots_primary_cat":"","_seopress_titles_title":"","_seopress_titles_desc":"","_seopress_robots_index":"","_et_pb_use_builder":"","_et_pb_old_content":"","_et_gb_content_width":"","inline_featured_image":false,"footnotes":""},"categories":[14],"tags":[],"class_list":["post-356050","post","type-post","status-publish","format-standard","hentry","category-vijesti"],"_links":{"self":[{"href":"https:\/\/www.pcnen.com\/portal\/wp-json\/wp\/v2\/posts\/356050","targetHints":{"allow":["GET"]}}],"collection":[{"href":"https:\/\/www.pcnen.com\/portal\/wp-json\/wp\/v2\/posts"}],"about":[{"href":"https:\/\/www.pcnen.com\/portal\/wp-json\/wp\/v2\/types\/post"}],"author":[{"embeddable":true,"href":"https:\/\/www.pcnen.com\/portal\/wp-json\/wp\/v2\/users\/1"}],"replies":[{"embeddable":true,"href":"https:\/\/www.pcnen.com\/portal\/wp-json\/wp\/v2\/comments?post=356050"}],"version-history":[{"count":2,"href":"https:\/\/www.pcnen.com\/portal\/wp-json\/wp\/v2\/posts\/356050\/revisions"}],"predecessor-version":[{"id":356052,"href":"https:\/\/www.pcnen.com\/portal\/wp-json\/wp\/v2\/posts\/356050\/revisions\/356052"}],"wp:attachment":[{"href":"https:\/\/www.pcnen.com\/portal\/wp-json\/wp\/v2\/media?parent=356050"}],"wp:term":[{"taxonomy":"category","embeddable":true,"href":"https:\/\/www.pcnen.com\/portal\/wp-json\/wp\/v2\/categories?post=356050"},{"taxonomy":"post_tag","embeddable":true,"href":"https:\/\/www.pcnen.com\/portal\/wp-json\/wp\/v2\/tags?post=356050"}],"curies":[{"name":"wp","href":"https:\/\/api.w.org\/{rel}","templated":true}]}}