{"id":356025,"date":"2022-09-27T08:38:24","date_gmt":"2022-09-27T06:38:24","guid":{"rendered":"https:\/\/www.pcnen.com\/portal\/?p=356025"},"modified":"2022-09-27T08:38:24","modified_gmt":"2022-09-27T06:38:24","slug":"stadion-fudbal-i-sveopsti-amaterizam","status":"publish","type":"post","link":"https:\/\/www.pcnen.com\/portal\/2022\/09\/27\/stadion-fudbal-i-sveopsti-amaterizam\/","title":{"rendered":"Stadion, fudbal i sveop\u0161ti amaterizam"},"content":{"rendered":"<p>Sino\u0107 su mi oboje maloljetne djece, od 11. i 17. godina oti\u0161la da gledaju fudbalsku utakmicu Crna Gora &#8211; Finska. Po zavr\u0161etku su me pozvali telefonom, zamolili me da do\u0111em po njih zbog jake ki\u0161e, a oni \u0107e me \u010dekati u blizini stadiona, kod zgrade Fond PIO, u Bulevaru Ivana Crnojevi\u0107a. Stariji sin koji me je nazvao je dodao da mu je baterija telefona pri kraju i da \u0107e mu se telefon svakog \u010dasa ugasiti \u2013 \u0161to se i desilo.<\/p>\n<p>Krenuo sam automobilom po njih, me\u0111utim, policija je blokirala cijeli Bulevar Ivana Crnojevi\u0107a i saobra\u0107aj u blizini stadiona, ne dozvoljavaju\u0107i pristup sa bilo koje strane &#8211; \u00a0bez najave o tako ne\u010demu. \u201cNormalno\u201d. Poku\u0161ao sam da pri\u0111em djeci i pokupim ih sporednim putevima, ali je policija bila na svim priklju\u010dnim cestama bulevaru, ne dozvaljaju\u0107i priklju\u010denje.<\/p>\n<p>Morao sam da se vratim ku\u0107i, a djecu \u00a0nijesam mogao da obavijestim o tome da ne mogu do\u0107i po njih.\u00a0 Poslije 23.30 sati do\u0161la su ku\u0107i, prethodno me \u010dekaju\u0107i pola sata,\u00a0 mokra \u201cdo gole ko\u017ee\u201d. Na pitanje, \u0111e su im ki\u0161obrani koje su ponijeli, odgovorili su mi da su ih morali ostaviti na ulasku u stadion \u2013 nijesu im dozvolili da ih unesu, a kada su izlazili, nije ih bilo \u2013 ukradeni su. Nestali su ne samo njihovi, nego svih 40-50 ki\u0161obrana koliko ih je bilo ostavljeno na tom ulazu.<\/p>\n<p>\u201cNormalno\u201d da se nije niko pojavio od organizatora utakmice ili uprave fudbalske reprezentacije Crne Gore da uputi izvinjenje gledaocima, eventualno im organizuje prevoz ili ponudi obe\u0161te\u0107enje. \u00a0\u017dena koja je tako\u0111e ostala bez ki\u0161obrana je pozvala i obavijestila policiju o svemu \u2013 ka\u017eu mi djeca.<\/p>\n<p>Na posao uvijek idem biciklom, osim kada je ki\u0161a. Tada idem pje\u0161ice, koriste\u0107i ki\u0161obran. Ako je ki\u0161a ba\u0161 jaka kao \u0161to je bila ju\u010de ujutro, koristim automobil kao nu\u017eno sredstvo prevoza, da ne bih mokar provodio osam sati na poslu.<\/p>\n<p>Jaka ki\u0161a koja je padala ju\u010de ujutro bila je razlog \u0161to sam na posao po\u0161ao automobilom. Skrenuo sam u ulicu 19. decembra (pored Lov\u0107en banke) koja ide pored stadiona prema crkvi Svetog \u0110or\u0111a, da bih se parkirao na jedinom slobodnom parking prostoru u tom reonu &#8211; ispod Gorice. Na pola ulice, tik uz stadion sa sjevernoisto\u010dne strane, bila je postavljena metalna ograda koja zapre\u010duje dalji prolaz, ina\u010de jdnosmjernom ulicom. Ograda se nije mogla i ne mo\u017ee se vidjeti odmah po skretanju u ulicu 19. decembar. Kako je bilo 6.55 sati, vrijeme kada ve\u0107ina zaposlenih u obli\u017enjim firmama dolazi na posao, u tren se u ulici na\u0161lo desetak automobile, zakr\u010deni jedni iza drugih. Poslednji u koloni nijesu znali niti mogli vidjeti zapre\u010denje, nastala je op\u0161ta buka sirenama, mete\u017e i nervoza, a onda okretanje automobila nas svih, u uskoj, jednosmjernoj ulici, te povratak suprotnim, zabranjenim \u00a0smjerom kao jedinim izlazom.<\/p>\n<p>Policije ili neke druge osobe iz organizacije utakmice (\u201cnormalno\u201d) nije bilo kako bi nas upozorili da je ulica blokirana. Sve se de\u0161avalo ta\u010dno 14 sati prije po\u010detka utakmice. Svi zaposleni koji su do\u0161li automobilom su zbog takve organizacije i ne-obavje\u0161tavanja gra\u0111ana, kra\u0107e ili du\u017ee kasnili na posao.<\/p>\n<p>Stadionu nije mjesto u centru grada i pod hitno ga treba izmjestiti. Pogotovu kada imamo lo\u0161u organizaciju i ni\u0161ta bolju policiju, a i fudbal nam je bruka u koju se ula\u017eu ogromna sredstva, te bi ga trebalo svesti na amaterski sport &#8211; \u0161to on realno i jeste.<\/p>\n<p>Svakako, fudbalskom stadionu pod Goricom nije mjesto tu gdje je, bar za organizuaciju me\u0111unarodnih utakmica, kada moraju biti ispo\u0161tovane odre\u0111ene procedure i mjere zbog kojih treba da trpe svi gra\u0111ani strogog centra Podgorice.<\/p>\n","protected":false},"excerpt":{"rendered":"<p>Pi\u0161e: Omer \u0160ARKI\u0106<\/p>\n","protected":false},"author":12,"featured_media":286086,"comment_status":"open","ping_status":"closed","sticky":false,"template":"","format":"standard","meta":{"_seopress_robots_primary_cat":"","_seopress_titles_title":"","_seopress_titles_desc":"","_seopress_robots_index":"","_et_pb_use_builder":"","_et_pb_old_content":"","_et_gb_content_width":"","inline_featured_image":false,"footnotes":""},"categories":[17],"tags":[1169],"class_list":["post-356025","post","type-post","status-publish","format-standard","has-post-thumbnail","hentry","category-blogovi","tag-omer-sarkic"],"_links":{"self":[{"href":"https:\/\/www.pcnen.com\/portal\/wp-json\/wp\/v2\/posts\/356025","targetHints":{"allow":["GET"]}}],"collection":[{"href":"https:\/\/www.pcnen.com\/portal\/wp-json\/wp\/v2\/posts"}],"about":[{"href":"https:\/\/www.pcnen.com\/portal\/wp-json\/wp\/v2\/types\/post"}],"author":[{"embeddable":true,"href":"https:\/\/www.pcnen.com\/portal\/wp-json\/wp\/v2\/users\/12"}],"replies":[{"embeddable":true,"href":"https:\/\/www.pcnen.com\/portal\/wp-json\/wp\/v2\/comments?post=356025"}],"version-history":[{"count":3,"href":"https:\/\/www.pcnen.com\/portal\/wp-json\/wp\/v2\/posts\/356025\/revisions"}],"predecessor-version":[{"id":356033,"href":"https:\/\/www.pcnen.com\/portal\/wp-json\/wp\/v2\/posts\/356025\/revisions\/356033"}],"wp:featuredmedia":[{"embeddable":true,"href":"https:\/\/www.pcnen.com\/portal\/wp-json\/wp\/v2\/media\/286086"}],"wp:attachment":[{"href":"https:\/\/www.pcnen.com\/portal\/wp-json\/wp\/v2\/media?parent=356025"}],"wp:term":[{"taxonomy":"category","embeddable":true,"href":"https:\/\/www.pcnen.com\/portal\/wp-json\/wp\/v2\/categories?post=356025"},{"taxonomy":"post_tag","embeddable":true,"href":"https:\/\/www.pcnen.com\/portal\/wp-json\/wp\/v2\/tags?post=356025"}],"curies":[{"name":"wp","href":"https:\/\/api.w.org\/{rel}","templated":true}]}}