{"id":356018,"date":"2022-09-26T23:57:26","date_gmt":"2022-09-26T21:57:26","guid":{"rendered":"https:\/\/www.pcnen.com\/portal\/?p=356018"},"modified":"2022-09-26T23:59:14","modified_gmt":"2022-09-26T21:59:14","slug":"prosirena-optuznica-protiv-milosa-medenice","status":"publish","type":"post","link":"https:\/\/www.pcnen.com\/portal\/2022\/09\/26\/prosirena-optuznica-protiv-milosa-medenice\/","title":{"rendered":"Pro\u0161irena optu\u017enica protiv Milo\u0161a Medenice"},"content":{"rendered":"<p>Po spisima, u koje je Televizija Vijesti imala uvid, on je u avgustu 2020. godine preko telefona prijetio policajcu Mladenu Bo\u0161kovi\u0107u, da la\u017eno svjedo\u010di u predmetu koji je Osnovno tu\u017eila\u0161tvu u Kola\u0161inu formiralo protiv njegovog prijatelja Ivana Jekni\u0107a.<\/p>\n<p>&#8220;Nakon saznanja da je njegov prijatelj Ivan Jekni\u0107 napao policijske slu\u017ebenike Predraga Rako\u010devi\u0107a i Mladena Bo\u0161kovi\u0107a, dana 08.08.2020. godine prilikom intervencije u ugostiteljskom objektu &#8220;Balkan&#8221; u Kola\u0161inu te da \u0107e u vezi sa tim biti pokrenut krivi\u010dni postupak, dana 13.08.2020. godine u telefonskoj komunikaciji uputio prijetnje policijskom slu\u017ebeniku Mladenu Bo\u0161kovi\u0107u kako bi on i njegov kolega Predrag Rako\u010devi\u0107, kao svjedoci doga\u0111aja, dali izjavu postupaju\u0107em tu\u017eiocu koja bi osumnji\u010denom Ivanu Jekni\u0107u pogodovala u krivi\u010dnom postupku&#8221;, pi\u0161e u spisima predmeta, prenose Vijesti.<\/p>\n<p>Televizija Vijesti do\u0161la je i do sadr\u017eine prijetnji koje je navodno tom prilikom uputio Medenica.<\/p>\n<p>&#8220;Nije sve uniforma, ima \u017eivot i poslije uniforme, greota je da momak zbog vas ide u zatvor. Dobro razmisli, ionako vas niko ne voli, da mo\u017ee o\u010dekivati da ih neko pljuje i napadne, nije Jeka sam, ima i on dru\u0161tvo&#8221;.<\/p>\n<p>Milo\u0161 Medenica se tereti i da je naredio prebijanje policajca Bo\u0161kovi\u0107a. Zbog toga mu se, prvom naredbom na teret stavlja i da je po\u010dinio krivi\u010dno djelo &#8211; te\u0161ka tjelesna povreda putem podstrekavanja.<\/p>\n<p>&#8220;Neka ga za po\u010detak dobro izlome, pa \u0107emo vidjeti kako se bude pona\u0161ao. Kad ga obale, s palicom mu koljeno slome, ne treba mu metak ni\u0161ta, ili \u010deki\u0107em, zagarantovano svaka kost u koljeno puca&#8221;, pi\u0161e u spisima predmeta.<\/p>\n<p>Milo\u0161 Medenica kao organizator kriminalne grupe, \u010diji je \u010dlan, prema dokazima istra\u017eitelja postala i njegova majka, biv\u0161a predsjednica Vrhovnog suda Vesna Medenica, tereti se za jo\u0161 pet krivi\u010dnih djela koja je po\u010dinio od 2019. godine i to &#8211; stvaranje kriminalne organizacije, produ\u017eeno krivi\u010dno djelo &#8220;krijum\u010darenje&#8221;, nedozvoljeno dr\u017eanje oru\u017eja, zatim omogu\u0107avanje u\u017eivanja opojnih droga i &#8220;navo\u0111enje na protivzakonit uticaj&#8221;.<\/p>\n<p>&nbsp;<\/p>\n<blockquote class=\"wp-embedded-content\" data-secret=\"DXKvuhZilx\"><p><a href=\"https:\/\/www.pcnen.com\/portal\/2022\/05\/25\/milos-medenica-uhapsen-na-aerodromu-u-golubovcima\/\">Milo\u0161 Medenica uhap\u0161en na aerodromu u Golubovcima<\/a><\/p><\/blockquote>\n<p><iframe loading=\"lazy\" class=\"wp-embedded-content\" sandbox=\"allow-scripts\" security=\"restricted\" style=\"position: absolute; clip: rect(1px, 1px, 1px, 1px);\" title=\"&#8220;Milo\u0161 Medenica uhap\u0161en na aerodromu u Golubovcima&#8221; &#8212; PCNEN\" src=\"https:\/\/www.pcnen.com\/portal\/2022\/05\/25\/milos-medenica-uhapsen-na-aerodromu-u-golubovcima\/embed\/#?secret=gx1LvnK630#?secret=DXKvuhZilx\" data-secret=\"DXKvuhZilx\" width=\"600\" height=\"338\" frameborder=\"0\" marginwidth=\"0\" marginheight=\"0\" scrolling=\"no\"><\/iframe><\/p>\n","protected":false},"excerpt":{"rendered":"<p>Specijalno tu\u017eila\u0161tvo pro\u0161irilo je istragu protiv Milo\u0161a Medenice za jo\u0161 jedno krivi\u010dno djelo &#8211; sprje\u010davanje dokazivanja.<\/p>\n","protected":false},"author":1,"featured_media":344851,"comment_status":"open","ping_status":"closed","sticky":false,"template":"","format":"standard","meta":{"_seopress_robots_primary_cat":"","_seopress_titles_title":"","_seopress_titles_desc":"","_seopress_robots_index":"","_et_pb_use_builder":"","_et_pb_old_content":"","_et_gb_content_width":"","inline_featured_image":false,"footnotes":""},"categories":[14],"tags":[],"class_list":["post-356018","post","type-post","status-publish","format-standard","has-post-thumbnail","hentry","category-vijesti"],"_links":{"self":[{"href":"https:\/\/www.pcnen.com\/portal\/wp-json\/wp\/v2\/posts\/356018","targetHints":{"allow":["GET"]}}],"collection":[{"href":"https:\/\/www.pcnen.com\/portal\/wp-json\/wp\/v2\/posts"}],"about":[{"href":"https:\/\/www.pcnen.com\/portal\/wp-json\/wp\/v2\/types\/post"}],"author":[{"embeddable":true,"href":"https:\/\/www.pcnen.com\/portal\/wp-json\/wp\/v2\/users\/1"}],"replies":[{"embeddable":true,"href":"https:\/\/www.pcnen.com\/portal\/wp-json\/wp\/v2\/comments?post=356018"}],"version-history":[{"count":3,"href":"https:\/\/www.pcnen.com\/portal\/wp-json\/wp\/v2\/posts\/356018\/revisions"}],"predecessor-version":[{"id":356022,"href":"https:\/\/www.pcnen.com\/portal\/wp-json\/wp\/v2\/posts\/356018\/revisions\/356022"}],"wp:featuredmedia":[{"embeddable":true,"href":"https:\/\/www.pcnen.com\/portal\/wp-json\/wp\/v2\/media\/344851"}],"wp:attachment":[{"href":"https:\/\/www.pcnen.com\/portal\/wp-json\/wp\/v2\/media?parent=356018"}],"wp:term":[{"taxonomy":"category","embeddable":true,"href":"https:\/\/www.pcnen.com\/portal\/wp-json\/wp\/v2\/categories?post=356018"},{"taxonomy":"post_tag","embeddable":true,"href":"https:\/\/www.pcnen.com\/portal\/wp-json\/wp\/v2\/tags?post=356018"}],"curies":[{"name":"wp","href":"https:\/\/api.w.org\/{rel}","templated":true}]}}