{"id":356011,"date":"2022-09-26T20:32:53","date_gmt":"2022-09-26T18:32:53","guid":{"rendered":"https:\/\/www.pcnen.com\/portal\/?p=356011"},"modified":"2022-09-26T20:35:02","modified_gmt":"2022-09-26T18:35:02","slug":"odt-izdalo-nalog-da-se-zaustave-radovi-na-gorici","status":"publish","type":"post","link":"https:\/\/www.pcnen.com\/portal\/2022\/09\/26\/odt-izdalo-nalog-da-se-zaustave-radovi-na-gorici\/","title":{"rendered":"ODT izdalo nalog da se zaustave radovi na Gorici"},"content":{"rendered":"<p>Mje\u0161tani Gorice, koje je u subotu uznemirilo nenajavljeno miniranje gradili\u0161ta, podnijeli su tu\u017eila\u0161tvu prijavu protiv investitora, firme &#8220;Eurozox&#8221; za uzurpaciju prostora, ali i nelegalan posao.<\/p>\n<p>Mje\u0161tane podr\u017eavaju iz Udru\u017eenja ljubitelja Gorice i prirode koji za ovu parcelu, ve\u0107 tri godine biju bitku.<\/p>\n<p>Osnovno dr\u017eavno tu\u017eila\u0161tvo je nalo\u017eilo inspekciji i policiji da zaustave radove dok se ne utvrdi ima li elemenata krivi\u010dne odgovornosti, prenosi RTCG.<\/p>\n<p>Reagovali su iz Ministarstva ekologije, prostornog planiranja i urbanizma. Navode da je za gradnju objekta podnijeta prijava, te da je investitor stekao uslov da gradi.<\/p>\n<p>U dogovoru s inspekcijom Direktorata za vanredne situacije, poru\u010duju, izvr\u0161i\u0107e inspekcijsku kontrolu, a u prisustvu investitora, nadzornog organa i izvo\u0111a\u010da radova.<\/p>\n<p>&nbsp;<\/p>\n<blockquote class=\"wp-embedded-content\" data-secret=\"J6z8MlXqfN\"><p><a href=\"https:\/\/www.pcnen.com\/portal\/2022\/09\/24\/inspekcija-zatvorila-gradiliste-na-gorici-video\/\">Inspekcija zatvorila gradili\u0161te na Gorici (video)<\/a><\/p><\/blockquote>\n<p><iframe loading=\"lazy\" class=\"wp-embedded-content\" sandbox=\"allow-scripts\" security=\"restricted\" style=\"position: absolute; clip: rect(1px, 1px, 1px, 1px);\" title=\"&#8220;Inspekcija zatvorila gradili\u0161te na Gorici (video)&#8221; &#8212; PCNEN\" src=\"https:\/\/www.pcnen.com\/portal\/2022\/09\/24\/inspekcija-zatvorila-gradiliste-na-gorici-video\/embed\/#?secret=SWvmzJpNWz#?secret=J6z8MlXqfN\" data-secret=\"J6z8MlXqfN\" width=\"600\" height=\"338\" frameborder=\"0\" marginwidth=\"0\" marginheight=\"0\" scrolling=\"no\"><\/iframe><\/p>\n","protected":false},"excerpt":{"rendered":"<p>Osnovno dr\u017eavno tu\u017eila\u0161tvo u Podgorici izdalo je nalog inspekciji i policiji da obustave radove na Gorici nakon miniranja gradili\u0161ta.<\/p>\n","protected":false},"author":1,"featured_media":355873,"comment_status":"open","ping_status":"closed","sticky":false,"template":"","format":"standard","meta":{"_seopress_robots_primary_cat":"","_seopress_titles_title":"","_seopress_titles_desc":"","_seopress_robots_index":"","_et_pb_use_builder":"","_et_pb_old_content":"","_et_gb_content_width":"","inline_featured_image":false,"footnotes":""},"categories":[14],"tags":[],"class_list":["post-356011","post","type-post","status-publish","format-standard","has-post-thumbnail","hentry","category-vijesti"],"_links":{"self":[{"href":"https:\/\/www.pcnen.com\/portal\/wp-json\/wp\/v2\/posts\/356011","targetHints":{"allow":["GET"]}}],"collection":[{"href":"https:\/\/www.pcnen.com\/portal\/wp-json\/wp\/v2\/posts"}],"about":[{"href":"https:\/\/www.pcnen.com\/portal\/wp-json\/wp\/v2\/types\/post"}],"author":[{"embeddable":true,"href":"https:\/\/www.pcnen.com\/portal\/wp-json\/wp\/v2\/users\/1"}],"replies":[{"embeddable":true,"href":"https:\/\/www.pcnen.com\/portal\/wp-json\/wp\/v2\/comments?post=356011"}],"version-history":[{"count":3,"href":"https:\/\/www.pcnen.com\/portal\/wp-json\/wp\/v2\/posts\/356011\/revisions"}],"predecessor-version":[{"id":356015,"href":"https:\/\/www.pcnen.com\/portal\/wp-json\/wp\/v2\/posts\/356011\/revisions\/356015"}],"wp:featuredmedia":[{"embeddable":true,"href":"https:\/\/www.pcnen.com\/portal\/wp-json\/wp\/v2\/media\/355873"}],"wp:attachment":[{"href":"https:\/\/www.pcnen.com\/portal\/wp-json\/wp\/v2\/media?parent=356011"}],"wp:term":[{"taxonomy":"category","embeddable":true,"href":"https:\/\/www.pcnen.com\/portal\/wp-json\/wp\/v2\/categories?post=356011"},{"taxonomy":"post_tag","embeddable":true,"href":"https:\/\/www.pcnen.com\/portal\/wp-json\/wp\/v2\/tags?post=356011"}],"curies":[{"name":"wp","href":"https:\/\/api.w.org\/{rel}","templated":true}]}}