{"id":355998,"date":"2022-09-26T16:57:37","date_gmt":"2022-09-26T14:57:37","guid":{"rendered":"https:\/\/www.pcnen.com\/portal\/?p=355998"},"modified":"2022-09-26T16:57:37","modified_gmt":"2022-09-26T14:57:37","slug":"cg-ce-od-turske-traziti-izrucenje-radoja-zivkovica-i-zdravka-perunovica","status":"publish","type":"post","link":"https:\/\/www.pcnen.com\/portal\/2022\/09\/26\/cg-ce-od-turske-traziti-izrucenje-radoja-zivkovica-i-zdravka-perunovica\/","title":{"rendered":"CG \u0107e od Turske tra\u017eiti izru\u010denje Radoja \u017divkovi\u0107a i Zdravka Perunovi\u0107a"},"content":{"rendered":"<p>\u017divkovi\u0107 i Perunovi\u0107 su u Turskoj uhap\u0161eni zbog sumnje da su umije\u0161ani u ubistvo osumnji\u010denog vo\u0111e \u0161kaljarskog klana Jovana Vukoti\u0107a 8. septembra.<\/p>\n<p>Od Ministarstva pravde RTCG je tra\u017eio odgovor na pitanje da li \u0107e Crna Gora od Turske tra\u017eiti izru\u010denje Radoja \u017divkovi\u0107a i Zdravka Perunovi\u0107a, koja su tamo li\u0161ena slobode imaju\u0107i u vidu sumnje da su odgovorni za te\u0161ko ubistvo na \u0161tetu Jovana Vukoti\u0107a, a znaju\u0107i da im se u Vi\u0161em sudu u Podgorici ve\u0107 sudi zbog ubistva Nikole Stani\u0161i\u0107a i formiranja kriminalne organizacije.<\/p>\n<p>&#8220;Nadle\u017eni organi Crne Gore \u0107e, u skladu sa Zakonom o me\u0111unarodnoj pravnoj pomo\u0107i u krivi\u010dnim stvarima i me\u0111unarodnim ugovorima koji reguli\u0161u izru\u010denje okrivljenih i osu\u0111enih lica, tra\u017eiti izru\u010denje lica koja se potra\u017euju radi vo\u0111enja krivi\u010dnih postupaka pred pravodusnim organima Crne Gore, bez obzira na to da li se protiv tih lica (u dr\u017eavama gdje se nalaze) vode krivi\u010dni postupci&#8221;, saop\u0161tili su iz Ministarstva.<\/p>\n<blockquote><p><em>Zdravko Perunovi\u0107 i Radoje \u017divkovi\u0107, koje je turska policija uhapsila 16.septembra, poznati su odranije crnogorskim istra\u017enim organima, ali i javnosti. Njihova imena su u optu\u017enici protiv istaknutog \u010dlana kava\u010dkog klana Slobodana Ka\u0161\u0107elana i njegove trinaesto\u010dlane grupe koju tu\u017eila\u0161tvo tereti za te\u0161ko ubistvo Nikole Stani\u0161i\u0107a na podmukao i svirep na\u010din.<\/em><\/p>\n<p><em>Njima se sudi u podgori\u010dkom Vi\u0161em sudu. Na posljednjem ro\u010di\u0161tu odbrana je ukazala na nezakonitost dokaza protiv optu\u017eenih i zatra\u017eila obustavu krivi\u010dnog postupka.<\/em><\/p>\n<p><em>Pored Ka\u0161\u0107elana na optu\u017enici se na\u0161ao i Kotoranin Radoje Zvicer (49) sa sugra\u0111anima Draganom Kne\u017eevi\u0107em (40) i Milo\u0161em Radonji\u0107em.<\/em><\/p>\n<p><em>Tu su i Sr\u0111an Juri\u0161evi\u0107 (48) iz Tivta, zatim Radoje \u017divkovi\u0107 (35), Vladimir Vu\u010dkovi\u0107 (45) i Zdravko Perunovi\u0107 (45) iz Nik\u0161i\u0107a, Milan Vujoti\u0107 (39), Aleksandar Dragi\u0107evi\u0107 (35), Zoran Ka\u017ei\u0107 (45) i Milan Kne\u017eevi\u0107 (43) iz Podgorice, Darko Prelevi\u0107 (30) iz Pljevalja, kao i Krsto Maro\u0161.<\/em><\/p>\n<p><em>Tu\u017eila\u0161tvo tvrdi da je ova grupa pratila kretanje i navike Stani\u0161i\u0107a pet dana prije nego je otet a potom i ubijen u no\u0107i izme\u0111u 2. i 3. avgusta 2020. godine.<\/em><\/p>\n<p><em>Turski mediji prenijeli su da je istragom o nedavnom ubistvu Vukoti\u0107a utvr\u0111eno da su likvidaciju po\u010dinili \u010dlanovi suparni\u010dke kriminalne grupe koji su ga pratili najmanje \u010detiri mjeseca prije ubistva. Ubistvo je navodno pla\u0107eno milion eura, javila je Anadolija.<\/em><\/p>\n<p><em>Vukoti\u0107 je ubijen na auto-putu u istanbulskom okrugu \u0160i\u0161li, a smrtonosne hice ispalio je napada\u010d sa motocikla kojim je upravljao jo\u0161 jedan sau\u010desnik.<\/em><\/p>\n<p><em>Istragu o tom slu\u010daju vode pripadnici Odjeljenja istanbulske policije za borbu protiv organizovanog kriminala.<\/em><\/p><\/blockquote>\n<blockquote class=\"wp-embedded-content\" data-secret=\"E5D63zoj1p\"><p><a href=\"https:\/\/www.pcnen.com\/portal\/2022\/09\/26\/lider-pzp-postavio-dva-pitanja-v-d-sdt-novovicu-u-vezi-ubistva-vukotica\/\">Lider PZP postavio dva pitanja v.d. SDT Novovi\u0107u u vezi ubistva Vukoti\u0107a<\/a><\/p><\/blockquote>\n<p><iframe loading=\"lazy\" class=\"wp-embedded-content\" sandbox=\"allow-scripts\" security=\"restricted\" style=\"position: absolute; clip: rect(1px, 1px, 1px, 1px);\" title=\"&#8220;Lider PZP postavio dva pitanja v.d. SDT Novovi\u0107u u vezi ubistva Vukoti\u0107a&#8221; &#8212; PCNEN\" src=\"https:\/\/www.pcnen.com\/portal\/2022\/09\/26\/lider-pzp-postavio-dva-pitanja-v-d-sdt-novovicu-u-vezi-ubistva-vukotica\/embed\/#?secret=6yvCQi2Lx0#?secret=E5D63zoj1p\" data-secret=\"E5D63zoj1p\" width=\"600\" height=\"338\" frameborder=\"0\" marginwidth=\"0\" marginheight=\"0\" scrolling=\"no\"><\/iframe><\/p>\n","protected":false},"excerpt":{"rendered":"<p>Crna Gora \u0107e tra\u017eiti od Turske izru\u010denje Radoja \u017divkovi\u0107a i Zdravka Perunovi\u0107a, bez obzira \u0161to se protiv njih pred turskim organima vode krivi\u010dni postupci, potvr\u0111eno je za portal RTCG iz Ministarstva pravde.<\/p>\n","protected":false},"author":1,"featured_media":343367,"comment_status":"open","ping_status":"closed","sticky":false,"template":"","format":"standard","meta":{"_seopress_robots_primary_cat":"","_seopress_titles_title":"","_seopress_titles_desc":"","_seopress_robots_index":"","_et_pb_use_builder":"","_et_pb_old_content":"","_et_gb_content_width":"","inline_featured_image":false,"footnotes":""},"categories":[14],"tags":[],"class_list":["post-355998","post","type-post","status-publish","format-standard","has-post-thumbnail","hentry","category-vijesti"],"_links":{"self":[{"href":"https:\/\/www.pcnen.com\/portal\/wp-json\/wp\/v2\/posts\/355998","targetHints":{"allow":["GET"]}}],"collection":[{"href":"https:\/\/www.pcnen.com\/portal\/wp-json\/wp\/v2\/posts"}],"about":[{"href":"https:\/\/www.pcnen.com\/portal\/wp-json\/wp\/v2\/types\/post"}],"author":[{"embeddable":true,"href":"https:\/\/www.pcnen.com\/portal\/wp-json\/wp\/v2\/users\/1"}],"replies":[{"embeddable":true,"href":"https:\/\/www.pcnen.com\/portal\/wp-json\/wp\/v2\/comments?post=355998"}],"version-history":[{"count":1,"href":"https:\/\/www.pcnen.com\/portal\/wp-json\/wp\/v2\/posts\/355998\/revisions"}],"predecessor-version":[{"id":355999,"href":"https:\/\/www.pcnen.com\/portal\/wp-json\/wp\/v2\/posts\/355998\/revisions\/355999"}],"wp:featuredmedia":[{"embeddable":true,"href":"https:\/\/www.pcnen.com\/portal\/wp-json\/wp\/v2\/media\/343367"}],"wp:attachment":[{"href":"https:\/\/www.pcnen.com\/portal\/wp-json\/wp\/v2\/media?parent=355998"}],"wp:term":[{"taxonomy":"category","embeddable":true,"href":"https:\/\/www.pcnen.com\/portal\/wp-json\/wp\/v2\/categories?post=355998"},{"taxonomy":"post_tag","embeddable":true,"href":"https:\/\/www.pcnen.com\/portal\/wp-json\/wp\/v2\/tags?post=355998"}],"curies":[{"name":"wp","href":"https:\/\/api.w.org\/{rel}","templated":true}]}}