{"id":355994,"date":"2022-09-26T16:53:47","date_gmt":"2022-09-26T14:53:47","guid":{"rendered":"https:\/\/www.pcnen.com\/portal\/?p=355994"},"modified":"2022-09-26T16:54:28","modified_gmt":"2022-09-26T14:54:28","slug":"kremlj-priznao-greske-tokom-mobilizacije","status":"publish","type":"post","link":"https:\/\/www.pcnen.com\/portal\/2022\/09\/26\/kremlj-priznao-greske-tokom-mobilizacije\/","title":{"rendered":"Kremlj priznao gre\u0161ke tokom mobilizacije"},"content":{"rendered":"<p>\u201cIma slu\u010dajeva u kojima je ukaz prekr\u0161en\u201d, izjavio je portparol Kremlja Dmitrij Peskov i rekao da se nada da \u0107e \u201egre\u0161ke biti ispravljene\u201c, prenosi Beta.<\/p>\n<p>Mislio je na ukaz o djelimi\u010dnoj mobilizaciji, koji je objavio predsjednik Rusije Vladimir Putin 21. septembra kako bi se pove\u0107ao broj vojnika u ratnom sukobu u Ukrajini.<\/p>\n<p>Vlasti su saop\u0161tile da se mobilizacija 300.000 rezervista odnosi samo na osobe koje imaju vojno iskustvo ili tra\u017eene sposobnosti, me\u0111utim zabilje\u017eeni su brojni slu\u010dajevi mobilizacije starijih osoba, bolesnih ili bez iskustva, kao i studenata.<\/p>\n<p>Od kada je objavljena mobilizacija pro\u0161le nedelje, organizovane su demonstracije na kojima je uhap\u0161eno nekoliko hiljada ljudi.<\/p>\n<p>Mnogi Rusi su rije\u0161ili da pobjegnu iz zemlje, sude\u0107i po pove\u0107anom prilivu na granicama sa Gruzijom, Kazahstanom, Finskom i Mongolijom. Tako\u0111e je navala na vazdu\u0161ne linije.<\/p>\n<p>Taj veliki priliv je izazvao strahovanje da \u0107e Rusija zabraniti izlazak iz zemlje mu\u0161karcima u starosnoj dobi za borbu.<\/p>\n<p>Peskov je rekao da vlasti \u201enisu donijele odluku\u201c u ovoj fazi o zatvaranju granica za tu kategoriju gra\u0111ana.<\/p>\n<p>Rusija se sprema da pripoji \u010detiri ukrajinske oblasti, gdje se u utorak zavr\u0161avaju referendumi o pripajanju Moskvi. Referendume su osudili Ukrajina i Zapad i naveli da ne\u0107e priznati njihov rezultat.<\/p>\n<p>&nbsp;<\/p>\n<blockquote class=\"wp-embedded-content\" data-secret=\"4r7WkcQY6f\"><p><a href=\"https:\/\/www.pcnen.com\/portal\/2022\/09\/21\/putin-proglasio-djelimicnu-mobilizaciju\/\">Putin proglasio djelimi\u010dnu mobilizaciju<\/a><\/p><\/blockquote>\n<p><iframe loading=\"lazy\" class=\"wp-embedded-content\" sandbox=\"allow-scripts\" security=\"restricted\" style=\"position: absolute; clip: rect(1px, 1px, 1px, 1px);\" title=\"&#8220;Putin proglasio djelimi\u010dnu mobilizaciju&#8221; &#8212; PCNEN\" src=\"https:\/\/www.pcnen.com\/portal\/2022\/09\/21\/putin-proglasio-djelimicnu-mobilizaciju\/embed\/#?secret=JRb16exYcl#?secret=4r7WkcQY6f\" data-secret=\"4r7WkcQY6f\" width=\"600\" height=\"338\" frameborder=\"0\" marginwidth=\"0\" marginheight=\"0\" scrolling=\"no\"><\/iframe><\/p>\n","protected":false},"excerpt":{"rendered":"<p>Kremlj je priznao da su na\u010dinjene gre\u0161ke tokom mobilizacije stotina hiljada rezervista da bi se borili u Ukrajini, isti\u010du\u0107i da u ovoj fazi &#8220;nije donijeta odluka&#8221; o zatvaranju granica.<\/p>\n","protected":false},"author":1,"featured_media":303762,"comment_status":"open","ping_status":"closed","sticky":false,"template":"","format":"standard","meta":{"_seopress_robots_primary_cat":"","_seopress_titles_title":"","_seopress_titles_desc":"","_seopress_robots_index":"","_et_pb_use_builder":"","_et_pb_old_content":"","_et_gb_content_width":"","inline_featured_image":false,"footnotes":""},"categories":[14],"tags":[],"class_list":["post-355994","post","type-post","status-publish","format-standard","has-post-thumbnail","hentry","category-vijesti"],"_links":{"self":[{"href":"https:\/\/www.pcnen.com\/portal\/wp-json\/wp\/v2\/posts\/355994","targetHints":{"allow":["GET"]}}],"collection":[{"href":"https:\/\/www.pcnen.com\/portal\/wp-json\/wp\/v2\/posts"}],"about":[{"href":"https:\/\/www.pcnen.com\/portal\/wp-json\/wp\/v2\/types\/post"}],"author":[{"embeddable":true,"href":"https:\/\/www.pcnen.com\/portal\/wp-json\/wp\/v2\/users\/1"}],"replies":[{"embeddable":true,"href":"https:\/\/www.pcnen.com\/portal\/wp-json\/wp\/v2\/comments?post=355994"}],"version-history":[{"count":3,"href":"https:\/\/www.pcnen.com\/portal\/wp-json\/wp\/v2\/posts\/355994\/revisions"}],"predecessor-version":[{"id":355997,"href":"https:\/\/www.pcnen.com\/portal\/wp-json\/wp\/v2\/posts\/355994\/revisions\/355997"}],"wp:featuredmedia":[{"embeddable":true,"href":"https:\/\/www.pcnen.com\/portal\/wp-json\/wp\/v2\/media\/303762"}],"wp:attachment":[{"href":"https:\/\/www.pcnen.com\/portal\/wp-json\/wp\/v2\/media?parent=355994"}],"wp:term":[{"taxonomy":"category","embeddable":true,"href":"https:\/\/www.pcnen.com\/portal\/wp-json\/wp\/v2\/categories?post=355994"},{"taxonomy":"post_tag","embeddable":true,"href":"https:\/\/www.pcnen.com\/portal\/wp-json\/wp\/v2\/tags?post=355994"}],"curies":[{"name":"wp","href":"https:\/\/api.w.org\/{rel}","templated":true}]}}