{"id":355988,"date":"2022-09-26T15:05:45","date_gmt":"2022-09-26T13:05:45","guid":{"rendered":"https:\/\/www.pcnen.com\/portal\/?p=355988"},"modified":"2022-09-26T15:06:50","modified_gmt":"2022-09-26T13:06:50","slug":"parlament-u-petak-o-predlogu-za-skracenje-mandata","status":"publish","type":"post","link":"https:\/\/www.pcnen.com\/portal\/2022\/09\/26\/parlament-u-petak-o-predlogu-za-skracenje-mandata\/","title":{"rendered":"Parlament u petak o predlogu za skra\u0107enje mandata"},"content":{"rendered":"<p>Stara parlamentarna ve\u0107ina najavila je da \u0107e glasati protiv \u00d0ukanovi\u0107evog predloga i insistira da on da mandat za sastav nove Vlade lideru Demosa Miodragu Leki\u0107u.<\/p>\n<p>Zbog odbijanja \u00d0ukanovi\u0107a da to u\u010dini, stara ve\u0107ina pokrenula je postupak za njegovu smjenu, ali o tome mora da se izjasni Ustavni sud, koji je trenutno blokiran.<\/p>\n<p>Iz kabineta \u00d0urovi\u0107 su rekli za TV Vijesti da sjednica parlamenta, na kojoj bi i formalno mogao da se pokrene postupak smjene \u00d0ukanovi\u0107a, jo\u0161 nije zakazana jer jo\u0161 nije pro\u0161lo deset dana od podno\u0161enja inicijative za smjenu, pa je to mogu\u0107e 4. oktobra.<\/p>\n<p>Naveli su i da jo\u0161 nije zakazan nastavak sjednice od 2. septembra, na kojoj treba da se glasa o smjeni \u00d0urovi\u0107, a na po\u010detku koje je potpredsjednica parlamenta Branka Bo\u0161njak dala pauzu na zahtjev DF-a.<\/p>\n<p>Kako su objasnili, po Poslovniku, kolegijum predsjednice &#8220;planira rad zasjedanja&#8221;, a sa obzirom da je sednica prekinuta na zahtjev predstavnika DF-a kao predlaga\u010da, od njih se o\u010dekuje da tra\u017ee njen nastavak.<\/p>\n","protected":false},"excerpt":{"rendered":"<p>Predsjenica Skup\u0161tine Crne Gore Danijela \u00d0urovi\u0107 zakazala je za petak, 30. septembar, u 12 sati vanrednu sjednicu parlamenta na kojoj \u0107e se glasati o predlogu predsjednika Mila \u00d0ukanovi\u0107a da se skrati mandat Skup\u0161tini i ide na vanredne izbore, saop\u0161teno je iz parlamenta.<\/p>\n","protected":false},"author":1,"featured_media":0,"comment_status":"open","ping_status":"closed","sticky":false,"template":"","format":"standard","meta":{"_seopress_robots_primary_cat":"","_seopress_titles_title":"","_seopress_titles_desc":"","_seopress_robots_index":"","_et_pb_use_builder":"","_et_pb_old_content":"","_et_gb_content_width":"","inline_featured_image":false,"footnotes":""},"categories":[14],"tags":[],"class_list":["post-355988","post","type-post","status-publish","format-standard","hentry","category-vijesti"],"_links":{"self":[{"href":"https:\/\/www.pcnen.com\/portal\/wp-json\/wp\/v2\/posts\/355988","targetHints":{"allow":["GET"]}}],"collection":[{"href":"https:\/\/www.pcnen.com\/portal\/wp-json\/wp\/v2\/posts"}],"about":[{"href":"https:\/\/www.pcnen.com\/portal\/wp-json\/wp\/v2\/types\/post"}],"author":[{"embeddable":true,"href":"https:\/\/www.pcnen.com\/portal\/wp-json\/wp\/v2\/users\/1"}],"replies":[{"embeddable":true,"href":"https:\/\/www.pcnen.com\/portal\/wp-json\/wp\/v2\/comments?post=355988"}],"version-history":[{"count":2,"href":"https:\/\/www.pcnen.com\/portal\/wp-json\/wp\/v2\/posts\/355988\/revisions"}],"predecessor-version":[{"id":355990,"href":"https:\/\/www.pcnen.com\/portal\/wp-json\/wp\/v2\/posts\/355988\/revisions\/355990"}],"wp:attachment":[{"href":"https:\/\/www.pcnen.com\/portal\/wp-json\/wp\/v2\/media?parent=355988"}],"wp:term":[{"taxonomy":"category","embeddable":true,"href":"https:\/\/www.pcnen.com\/portal\/wp-json\/wp\/v2\/categories?post=355988"},{"taxonomy":"post_tag","embeddable":true,"href":"https:\/\/www.pcnen.com\/portal\/wp-json\/wp\/v2\/tags?post=355988"}],"curies":[{"name":"wp","href":"https:\/\/api.w.org\/{rel}","templated":true}]}}