{"id":355984,"date":"2022-09-26T14:49:57","date_gmt":"2022-09-26T12:49:57","guid":{"rendered":"https:\/\/www.pcnen.com\/portal\/?p=355984"},"modified":"2022-09-26T14:52:02","modified_gmt":"2022-09-26T12:52:02","slug":"lider-pzp-postavio-dva-pitanja-v-d-sdt-novovicu-u-vezi-ubistva-vukotica","status":"publish","type":"post","link":"https:\/\/www.pcnen.com\/portal\/2022\/09\/26\/lider-pzp-postavio-dva-pitanja-v-d-sdt-novovicu-u-vezi-ubistva-vukotica\/","title":{"rendered":"Lider PZP postavio dva pitanja v.d. SDT Novovi\u0107u u vezi ubistva Vukoti\u0107a"},"content":{"rendered":"<p>Medojevi\u0107 ka\u017ee kako je \u201cdo\u0161ao do saznanja\u201d koja ukazuju na to \u201cda su turski istra\u017eni organi rasvjetlili slu\u010daj i do\u0161li do ozbiljnih materijalnih dokaza koji mogu biti od koristi tu\u017eila\u0161tvu u istragama koje vodite protiv narkokartela u Crnoj Gori\u201d moli Novovi\u0107a da mu odgovori na slede\u0107a pitanja:<\/p>\n<blockquote><p>\u201c1. Da li \u0107ete tra\u017eiti izru\u010denje crnogorskih dr\u017eavljana koji su osumnji\u010deni da su kao pripadnici Kava\u010dkog narkoklana organizovali, pripremali i izvr\u0161ili te\u0161ko krivi\u010dno djelo ubistva u Turskoj ili \u0107ete prepustiti turskim kolegama da okon\u010daju istragu i vode krivi\u010dni postupak u Turskoj, imaju\u0107i u vidu ve\u0107 prikupljeno mno\u0161tvo dokaza i \u010dinjenicu da su u \u010ditavu operaciju bili umije\u0161ani i turski narko klanovi?<\/p><\/blockquote>\n<ol start=\"2\">\n<li>Da li \u0107ete Vi sa va\u0161im saradnicima u najkra\u0107em roku posjetiti va\u0161e kolege u Istanbulu i razmjeniti saznanja i dokaze o djelovanju ovog narkokartela i njihovim vezama sa turskih narkokartelima?<\/li>\n<\/ol>\n<p>U okviru me\u0111unarodne saradnje koje PzP ima sa na\u0161ih sestrinskim partijama iz IDU, ja sam do\u0161ao do nekih saznanja koja ukazuju da su turski istra\u017eni organi rasvjetlili ovaj slu\u010daj i do\u0161li do ozbiljnih materijalnih dokaza koji mogu biti od koristi i va\u0161em tu\u017eila\u0161tvu u istragama koje vodite protiv narkokartela u Crnoj Gori.<\/p>\n<p>Cijenim da je zna\u010daj ove akcije turske policije dragocjen i za borbu dr\u017eavnih organa Crne Gore protiv organizovanog kriminala, a posebno zbog nevjerovatnih tehnolo\u0161kih mogu\u0107nosti turske policije koje mogu biti korisne iz neke va\u017ene istrage u Crnoj Gori.<\/p>\n<p>Molim Vas da mi odgovorite na ovaj zahtjev u primjerenom roku, jer javnost treba da zna, \u0161ta GST radi povodom ovog slu\u010daja u Turskoj. Siguran sam da odgovori na ova pitanja ne mogu negativno uticati na istrage, ve\u0107 samo osna\u017eiti podr\u0161ku javnosti i politi\u010dkih partija i Parlamenta borbi protiv transnacionalnog organizovanog kriminala u Crnoj Gori\u201d.<\/p>\n<blockquote><p>Medojevi\u0107 je, ranije, <a href=\"https:\/\/www.facebook.com\/nebojsa.medojevic\/posts\/10228818205738398\" target=\"_blank\" rel=\"noopener\">na svome FB profilu objavio<\/a> da je \u201cistraga u Turskoj do\u0161la do krucijalnih dokaza protiv CG narkoklana!!! DPS mafija u teskim problemima!!\u201d<\/p><\/blockquote>\n","protected":false},"excerpt":{"rendered":"<p>Predsjednik Pokreta za promjene Neboj\u0161a Medojevi\u0107 je uputio otvoreno pismo v.d. specijalnog dr\u017eavnog tu\u017eioca Vladimiru Novovi\u0107u u kome mu je postavio vi\u0161e pitanja u vezi sa nedavnim ubistvom navodnog \u0161ef jedne od kriminalnih grupa u Crnoj Gori Jovana Vukoti\u0107a.<\/p>\n","protected":false},"author":1,"featured_media":303610,"comment_status":"open","ping_status":"closed","sticky":false,"template":"","format":"standard","meta":{"_seopress_robots_primary_cat":"","_seopress_titles_title":"","_seopress_titles_desc":"","_seopress_robots_index":"","_et_pb_use_builder":"","_et_pb_old_content":"","_et_gb_content_width":"","inline_featured_image":false,"footnotes":""},"categories":[14],"tags":[2358],"class_list":["post-355984","post","type-post","status-publish","format-standard","has-post-thumbnail","hentry","category-vijesti","tag-ubistvo-vukotica"],"_links":{"self":[{"href":"https:\/\/www.pcnen.com\/portal\/wp-json\/wp\/v2\/posts\/355984","targetHints":{"allow":["GET"]}}],"collection":[{"href":"https:\/\/www.pcnen.com\/portal\/wp-json\/wp\/v2\/posts"}],"about":[{"href":"https:\/\/www.pcnen.com\/portal\/wp-json\/wp\/v2\/types\/post"}],"author":[{"embeddable":true,"href":"https:\/\/www.pcnen.com\/portal\/wp-json\/wp\/v2\/users\/1"}],"replies":[{"embeddable":true,"href":"https:\/\/www.pcnen.com\/portal\/wp-json\/wp\/v2\/comments?post=355984"}],"version-history":[{"count":3,"href":"https:\/\/www.pcnen.com\/portal\/wp-json\/wp\/v2\/posts\/355984\/revisions"}],"predecessor-version":[{"id":355987,"href":"https:\/\/www.pcnen.com\/portal\/wp-json\/wp\/v2\/posts\/355984\/revisions\/355987"}],"wp:featuredmedia":[{"embeddable":true,"href":"https:\/\/www.pcnen.com\/portal\/wp-json\/wp\/v2\/media\/303610"}],"wp:attachment":[{"href":"https:\/\/www.pcnen.com\/portal\/wp-json\/wp\/v2\/media?parent=355984"}],"wp:term":[{"taxonomy":"category","embeddable":true,"href":"https:\/\/www.pcnen.com\/portal\/wp-json\/wp\/v2\/categories?post=355984"},{"taxonomy":"post_tag","embeddable":true,"href":"https:\/\/www.pcnen.com\/portal\/wp-json\/wp\/v2\/tags?post=355984"}],"curies":[{"name":"wp","href":"https:\/\/api.w.org\/{rel}","templated":true}]}}