{"id":355980,"date":"2022-09-26T14:17:53","date_gmt":"2022-09-26T12:17:53","guid":{"rendered":"https:\/\/www.pcnen.com\/portal\/?p=355980"},"modified":"2022-09-26T14:17:53","modified_gmt":"2022-09-26T12:17:53","slug":"prijava-zbog-mucenja-jovana-grujicica-ponovo-odbacena","status":"publish","type":"post","link":"https:\/\/www.pcnen.com\/portal\/2022\/09\/26\/prijava-zbog-mucenja-jovana-grujicica-ponovo-odbacena\/","title":{"rendered":"Prijava zbog mu\u010denja Jovana Gruji\u010di\u0107a ponovo odba\u010dena"},"content":{"rendered":"<p>Akcija za ljudska prava (HRA) je danas saop\u0161tila da protestuje zbog odluke osnovne dr\u017eavne tu\u017eiteljke u Podgorici Maje Kne\u017eevi\u0107, koja je po drugi put odbaci krivi\u010dnu prijavu protiv svih deset prijavljenih slu\u017ebenika Uprave policije CB Podgorica, u \u010dijoj se nadle\u017enosti nalazio Jovan Gruji\u010di\u0107 26. maja 2020. godine, kada je medicinskim nalazima potvr\u0111eno da je mu\u010den da bi se od njega iznudio iskaz.<\/p>\n<p>Gruji\u010di\u0107 je, podsje\u0107a HRA, tada primoran da \u2018prizna\u2019 izvr\u0161enje krivi\u010dnog djela koje nije u\u010dinio \u2013 postavljanje eksplozivnih naprava na ku\u0107u Du\u0161ka Golubovi\u0107a i lokal \u2018Grand\u2019 &#8211; a u me\u0111uvremenu ga je i sud pravosna\u017eno oslobodio te optu\u017ebe.<\/p>\n<p>HRA smatra da je odluka o odbacivanju krivi\u010dne prijave donijeta bez sprovo\u0111enja djelotvorne istrage, koja bi bila hitna, temeljna i nepristrasna.<\/p>\n<p>Na listi osumnji\u010denih po krivi\u010dnoj prijavi bili su Milo\u0161 Vu\u010dini\u0107, biv\u0161i na\u010delnik Odjeljenja bezbjednosti kriminalisti\u010dke policije u CB Podgorica i Sr\u0111an Kora\u0107, sada\u0161nji rukovodilac Stanice kriminalisti\u010dke policije za suzbijanje krvnih delikata i nasilja u porodici, kao i inspektori Vuka\u0161in Lekovi\u0107, Dalibor Ljeko\u010devi\u0107, Bojan Vuja\u010di\u0107, Nemanja Vujo\u0161evi\u0107, Radoman Vuji\u010di\u0107, Miodrag Jovovi\u0107, Ivan Peruni\u010di\u0107 i Ljubisav Strikovi\u0107.<\/p>\n<p>U me\u0111uvremenu su Dalibor Ljeko\u010devi\u010d, Bojan Vuja\u010di\u0107, Nemanja Vujo\u0161evi\u0107 i Ivan Peruni\u010di\u0107 suspendovani, jer se protiv njih vodi krivi\u010dni postupak zbog iznu\u0111ivanja iskaza od Marka Boljevi\u0107a i Benjamina Mugo\u0161e.<\/p>\n<p>Od torture u ovom predmetu pro\u0161lo je vi\u0161e od dvije godine, a jo\u0161 uvijek niko nije procesuiran, navodi HRA u saop\u0161tenju, koje je u<a href=\"https:\/\/www.hraction.org\/2022\/09\/26\/prijava-zbog-mucenja-jovana-grujicica-ponovo-odbacena-hra-predlaze-da-vrhovno-drzavno-tuzilastvo-preuzme-predmet\/\" target=\"_blank\" rel=\"noopener\"> cjelosti objavljeno na internet stranici ove nevladine organizacije.<\/a><\/p>\n","protected":false},"excerpt":{"rendered":"<p>HRA predla\u017ee da Vrhovno dr\u017eavno tu\u017eila\u0161tvo preuzme predmet<\/p>\n","protected":false},"author":1,"featured_media":283016,"comment_status":"open","ping_status":"closed","sticky":false,"template":"","format":"standard","meta":{"_seopress_robots_primary_cat":"","_seopress_titles_title":"","_seopress_titles_desc":"","_seopress_robots_index":"","_et_pb_use_builder":"","_et_pb_old_content":"","_et_gb_content_width":"","inline_featured_image":false,"footnotes":""},"categories":[14],"tags":[2357,1224,2356],"class_list":["post-355980","post","type-post","status-publish","format-standard","has-post-thumbnail","hentry","category-vijesti","tag-grujicic","tag-hra","tag-mucenje"],"_links":{"self":[{"href":"https:\/\/www.pcnen.com\/portal\/wp-json\/wp\/v2\/posts\/355980","targetHints":{"allow":["GET"]}}],"collection":[{"href":"https:\/\/www.pcnen.com\/portal\/wp-json\/wp\/v2\/posts"}],"about":[{"href":"https:\/\/www.pcnen.com\/portal\/wp-json\/wp\/v2\/types\/post"}],"author":[{"embeddable":true,"href":"https:\/\/www.pcnen.com\/portal\/wp-json\/wp\/v2\/users\/1"}],"replies":[{"embeddable":true,"href":"https:\/\/www.pcnen.com\/portal\/wp-json\/wp\/v2\/comments?post=355980"}],"version-history":[{"count":1,"href":"https:\/\/www.pcnen.com\/portal\/wp-json\/wp\/v2\/posts\/355980\/revisions"}],"predecessor-version":[{"id":355981,"href":"https:\/\/www.pcnen.com\/portal\/wp-json\/wp\/v2\/posts\/355980\/revisions\/355981"}],"wp:featuredmedia":[{"embeddable":true,"href":"https:\/\/www.pcnen.com\/portal\/wp-json\/wp\/v2\/media\/283016"}],"wp:attachment":[{"href":"https:\/\/www.pcnen.com\/portal\/wp-json\/wp\/v2\/media?parent=355980"}],"wp:term":[{"taxonomy":"category","embeddable":true,"href":"https:\/\/www.pcnen.com\/portal\/wp-json\/wp\/v2\/categories?post=355980"},{"taxonomy":"post_tag","embeddable":true,"href":"https:\/\/www.pcnen.com\/portal\/wp-json\/wp\/v2\/tags?post=355980"}],"curies":[{"name":"wp","href":"https:\/\/api.w.org\/{rel}","templated":true}]}}