{"id":355945,"date":"2022-09-25T21:44:48","date_gmt":"2022-09-25T19:44:48","guid":{"rendered":"https:\/\/www.pcnen.com\/portal\/?p=355945"},"modified":"2022-09-25T21:44:48","modified_gmt":"2022-09-25T19:44:48","slug":"daliboru-medojevicu-ukinut-pritvor-ceka-se-odluka-o-optuznici","status":"publish","type":"post","link":"https:\/\/www.pcnen.com\/portal\/2022\/09\/25\/daliboru-medojevicu-ukinut-pritvor-ceka-se-odluka-o-optuznici\/","title":{"rendered":"Daliboru Medojevi\u0107u ukinut pritvor, \u010deka se odluka o optu\u017enici"},"content":{"rendered":"<p>Iz Vi\u0161eg suda nijesu odgovorili na osnovu \u010dega je vije\u0107e donijelo takvu odluku.<\/p>\n<p>Vi\u0161i sud,<a href=\"https:\/\/libertaspress.me\/daliboru-medojevicu-ukinut-pritvor-ceka-se-odluka-o-optuznici\/\"> kazali su Libertasu<\/a> iz te institucije, jo\u0161 nije odlu\u010dilo o optu\u017enici koju je Specijalno dr\u017eavno tu\u017eila\u0161tvo podiglo protiv Medojevi\u0107a zbog \u010dlanstva u kriminalnoj organizaciji koju je 2020. godine formirao nedavno ubijeni Kotoranin Jovan Vukoti\u0107 zajedno sa Jankom Vukadinovi\u0107em iz Podgorice u cilju izvr\u0161enja najte\u017eih krivi\u010dnih djela.<\/p>\n<p>Medojevi\u0107 je uhap\u0161en 8. marta nakon \u0161to je, analizom dijela kriptovane komunikacije koju je\u00a0 Europol dostavio istra\u017eiteljima u Crnoj Gori, utvr\u0111eno da je taj biv\u0161i policijski funkcioner imao direktnu komunikaciju sa Vukoti\u0107em, vo\u0111om kriminalnog \u0161kaljarskog\u00a0 klana, kojem je, navodno, odavao povjerljive podatke.<\/p>\n<blockquote class=\"wp-embedded-content\" data-secret=\"RgKYcllDLQ\"><p><a href=\"https:\/\/www.pcnen.com\/portal\/2022\/03\/11\/daliboru-medojevicu-odreden-pritvor\/\">Daliboru Medojevi\u0107u odre\u0111en pritvor<\/a><\/p><\/blockquote>\n<p><iframe loading=\"lazy\" class=\"wp-embedded-content\" sandbox=\"allow-scripts\" security=\"restricted\" style=\"position: absolute; clip: rect(1px, 1px, 1px, 1px);\" title=\"&#8220;Daliboru Medojevi\u0107u odre\u0111en pritvor&#8221; &#8212; PCNEN\" src=\"https:\/\/www.pcnen.com\/portal\/2022\/03\/11\/daliboru-medojevicu-odreden-pritvor\/embed\/#?secret=kayJ0HEqrs#?secret=RgKYcllDLQ\" data-secret=\"RgKYcllDLQ\" width=\"600\" height=\"338\" frameborder=\"0\" marginwidth=\"0\" marginheight=\"0\" scrolling=\"no\"><\/iframe><\/p>\n","protected":false},"excerpt":{"rendered":"<p>Biv\u0161em policijskom funkcioneru Daliboru Medojevi\u0107u, rje\u0161enjem Krivi\u010dnog vanraspravnog vije\u0107a Vi\u0161eg suda u Podgorici, ukinut je pritvor, potvr\u0111eno je Libertasu u Vi\u0161em sudu.<\/p>\n","protected":false},"author":1,"featured_media":352160,"comment_status":"open","ping_status":"closed","sticky":false,"template":"","format":"standard","meta":{"_seopress_robots_primary_cat":"","_seopress_titles_title":"","_seopress_titles_desc":"","_seopress_robots_index":"","_et_pb_use_builder":"","_et_pb_old_content":"","_et_gb_content_width":"","inline_featured_image":false,"footnotes":""},"categories":[14],"tags":[],"class_list":["post-355945","post","type-post","status-publish","format-standard","has-post-thumbnail","hentry","category-vijesti"],"_links":{"self":[{"href":"https:\/\/www.pcnen.com\/portal\/wp-json\/wp\/v2\/posts\/355945","targetHints":{"allow":["GET"]}}],"collection":[{"href":"https:\/\/www.pcnen.com\/portal\/wp-json\/wp\/v2\/posts"}],"about":[{"href":"https:\/\/www.pcnen.com\/portal\/wp-json\/wp\/v2\/types\/post"}],"author":[{"embeddable":true,"href":"https:\/\/www.pcnen.com\/portal\/wp-json\/wp\/v2\/users\/1"}],"replies":[{"embeddable":true,"href":"https:\/\/www.pcnen.com\/portal\/wp-json\/wp\/v2\/comments?post=355945"}],"version-history":[{"count":1,"href":"https:\/\/www.pcnen.com\/portal\/wp-json\/wp\/v2\/posts\/355945\/revisions"}],"predecessor-version":[{"id":355946,"href":"https:\/\/www.pcnen.com\/portal\/wp-json\/wp\/v2\/posts\/355945\/revisions\/355946"}],"wp:featuredmedia":[{"embeddable":true,"href":"https:\/\/www.pcnen.com\/portal\/wp-json\/wp\/v2\/media\/352160"}],"wp:attachment":[{"href":"https:\/\/www.pcnen.com\/portal\/wp-json\/wp\/v2\/media?parent=355945"}],"wp:term":[{"taxonomy":"category","embeddable":true,"href":"https:\/\/www.pcnen.com\/portal\/wp-json\/wp\/v2\/categories?post=355945"},{"taxonomy":"post_tag","embeddable":true,"href":"https:\/\/www.pcnen.com\/portal\/wp-json\/wp\/v2\/tags?post=355945"}],"curies":[{"name":"wp","href":"https:\/\/api.w.org\/{rel}","templated":true}]}}