{"id":355925,"date":"2022-09-25T14:53:15","date_gmt":"2022-09-25T12:53:15","guid":{"rendered":"https:\/\/www.pcnen.com\/portal\/?p=355925"},"modified":"2022-09-25T14:53:15","modified_gmt":"2022-09-25T12:53:15","slug":"markovina-ne-bih-se-zacudio-da-vucic-uskoro-dobije-porfirija-za-protivnika","status":"publish","type":"post","link":"https:\/\/www.pcnen.com\/portal\/2022\/09\/25\/markovina-ne-bih-se-zacudio-da-vucic-uskoro-dobije-porfirija-za-protivnika\/","title":{"rendered":"Markovina: Ne bih se za\u010dudio da Vu\u010di\u0107 uskoro dobije Porfirija za protivnika"},"content":{"rendered":"<p>Markovina je za vojvo\u0111anski portal Autonomija rekao da je patrijarh Porfirije relativno mlad i zna da \u0107e, za razliku od Vu\u010di\u0107a koji \u0107e jednom ipak oti\u0107i sa vlasti, na tom mjestu ostati do kraja \u017eivota, a mo\u0107 koju ima dovela je do toga da vi\u0161e nema potrebu da krije \u0161ta misli.<\/p>\n<p>\u201e\u010culi ste \u0161ta je uo\u010di odr\u017eavanja Europrajda, govorio o LGBT populaciji, kako se pona\u0161ao na Cetinju prilikom ustoli\u010denja Joanikija, koliko je odlikovanja podijelio ljudima poput Milorada Vu\u010deli\u0107a\u201c, rekao je Markovina.<\/p>\n<p>Ocijenio je da je Porfirije \u201enajbolji izraz postratnog srpskog nacionalizma\u201c i dodao da ga predstavlja bolje i preciznije \u201e\u010dak i od Vu\u010di\u0107a\u201c.<\/p>\n<p>\u201eVu\u010di\u0107 je bio dio rata, bio je ministar krajem \u201990-tih, znamo \u0161ta je govorio; za razliku od njega, Porfirije je simbol novog doba. Zahvaljuju\u0107i Porfiriju, Vu\u010di\u0107 bi mogao do\u017eivjeti sudbinu Vuka Dra\u0161kovi\u0107a\u201c, rekao je Markovina,\u00a0 prenosi Beta.<\/p>\n<p>Prema njegovim rije\u010dima, Vu\u010di\u0107 se nije ideolo\u0161ki promijenio, ali iz takti\u010dkih razloga povla\u010di poteze poput toga da je pod pritiskom Zapada ipak dopustio odr\u017eavanje Europrajda.<\/p>\n<p>\u201eNe bih se za\u010dudio da uskoro dobije Porfirija za protivnika. Ako se to dogodi, prvi put \u0107e u novijoj srpskoj istoriji patrijarh, u politi\u010dkom smislu, biti ja\u010di od \u0161efa dr\u017eave\u201c, kazao je Markovina.<\/p>\n<p>Dodao je da misli da nacionalisti\u010dke izjave koje Porfirije daje predstavljaju ono \u0161to on zaista i misli.<\/p>\n<p>\u201ePorfirije je govorio o promjeni granica na Balkanu ba\u0161 u Bijeljini, ba\u0161 u Bosni i Hercegovini, pa je veoma jasno \u0161ta to ta\u010dno zna\u010di i kakve je to poruka. Rekao je to namjerno i to se ne mo\u017ee opravdati\u201c, rekao je Markovina.<\/p>\n<p>On je ocijenio da je nacionalizam, a ne korupcija, klju\u010dni problem regiona.<\/p>\n<p>\u201eLi\u010dno bih se odrekao 50 procenata primanja samo da se rije\u0161im nacionalista\u201c, poru\u010dio je Markovina.<\/p>\n","protected":false},"excerpt":{"rendered":"<p>Istori\u010dar Dragan Markovina izjavio je da je patrijarh Srpske pravoslavne crkve Porfirije &#8220;opasniji&#8221; od predsjednika Srbije Aleksandra Vu\u010di\u0107a i ocijenio da ne treba isklju\u010diti mogu\u0107nost da Porfirije postane Vu\u010di\u0107ev neprijatelj.<\/p>\n","protected":false},"author":1,"featured_media":355926,"comment_status":"open","ping_status":"closed","sticky":false,"template":"","format":"standard","meta":{"_seopress_robots_primary_cat":"","_seopress_titles_title":"","_seopress_titles_desc":"","_seopress_robots_index":"","_et_pb_use_builder":"","_et_pb_old_content":"","_et_gb_content_width":"","inline_featured_image":false,"footnotes":""},"categories":[14],"tags":[],"class_list":["post-355925","post","type-post","status-publish","format-standard","has-post-thumbnail","hentry","category-vijesti"],"_links":{"self":[{"href":"https:\/\/www.pcnen.com\/portal\/wp-json\/wp\/v2\/posts\/355925","targetHints":{"allow":["GET"]}}],"collection":[{"href":"https:\/\/www.pcnen.com\/portal\/wp-json\/wp\/v2\/posts"}],"about":[{"href":"https:\/\/www.pcnen.com\/portal\/wp-json\/wp\/v2\/types\/post"}],"author":[{"embeddable":true,"href":"https:\/\/www.pcnen.com\/portal\/wp-json\/wp\/v2\/users\/1"}],"replies":[{"embeddable":true,"href":"https:\/\/www.pcnen.com\/portal\/wp-json\/wp\/v2\/comments?post=355925"}],"version-history":[{"count":1,"href":"https:\/\/www.pcnen.com\/portal\/wp-json\/wp\/v2\/posts\/355925\/revisions"}],"predecessor-version":[{"id":355927,"href":"https:\/\/www.pcnen.com\/portal\/wp-json\/wp\/v2\/posts\/355925\/revisions\/355927"}],"wp:featuredmedia":[{"embeddable":true,"href":"https:\/\/www.pcnen.com\/portal\/wp-json\/wp\/v2\/media\/355926"}],"wp:attachment":[{"href":"https:\/\/www.pcnen.com\/portal\/wp-json\/wp\/v2\/media?parent=355925"}],"wp:term":[{"taxonomy":"category","embeddable":true,"href":"https:\/\/www.pcnen.com\/portal\/wp-json\/wp\/v2\/categories?post=355925"},{"taxonomy":"post_tag","embeddable":true,"href":"https:\/\/www.pcnen.com\/portal\/wp-json\/wp\/v2\/tags?post=355925"}],"curies":[{"name":"wp","href":"https:\/\/api.w.org\/{rel}","templated":true}]}}