{"id":355884,"date":"2022-09-24T21:38:32","date_gmt":"2022-09-24T19:38:32","guid":{"rendered":"https:\/\/www.pcnen.com\/portal\/?p=355884"},"modified":"2022-09-24T21:38:32","modified_gmt":"2022-09-24T19:38:32","slug":"promjenljivo-oblacno-popodne-kisa-2","status":"publish","type":"post","link":"https:\/\/www.pcnen.com\/portal\/2022\/09\/24\/promjenljivo-oblacno-popodne-kisa-2\/","title":{"rendered":"Promjenljivo obla\u010dno, popodne ki\u0161a"},"content":{"rendered":"<p>U nedjelju \u0107e u Crnoj Gori prijepodne biti promjenljivo obla\u010dno sa sun\u010danim intervalima, a tokom jutra na sjeveru po kotlinama \u0107e bitimagla.<\/p>\n<p>Poslijepodne \u0107e do\u0107i do naobla\u010denje.<\/p>\n<p>Na zapadu zemlje ponegdje \u0107e padati slaba ki\u0161a, koja \u0107e se tokom no\u0107i postepeno pro\u0161iriti na ve\u0107i dio zemlje i poja\u010dati.<\/p>\n<p>Vjetar umjeren do jak bi\u0107e ju\u017eni.<\/p>\n<p>Jutarnja temperatura vazduha kreta\u0107e se od 2 do 14, najvi\u0161a dnevna od 12 do 24 stepena.<\/p>\n<p>U Podgorici \u0107e biti promjenljivo do potpuno obla\u010dno, a tokom no\u0107i \u0107e padati ki\u0161a.<\/p>\n<p>Vjetar umjeren duva\u0107e sa juga i jugoistoka.<\/p>\n<p>Jutarnja temperatura vazduha bi\u0107e oko 12, najvi\u0161a dnevna do 23 stepena.<\/p>\n","protected":false},"excerpt":{"rendered":"<p>Jutarnja temperatura vazduha bi\u0107e oko 12, najvi\u0161a dnevna do 23 stepena. \u00a0<\/p>\n","protected":false},"author":1,"featured_media":0,"comment_status":"open","ping_status":"closed","sticky":false,"template":"","format":"standard","meta":{"_seopress_robots_primary_cat":"","_seopress_titles_title":"","_seopress_titles_desc":"","_seopress_robots_index":"","_et_pb_use_builder":"","_et_pb_old_content":"","_et_gb_content_width":"","inline_featured_image":false,"footnotes":""},"categories":[14],"tags":[],"class_list":["post-355884","post","type-post","status-publish","format-standard","hentry","category-vijesti"],"_links":{"self":[{"href":"https:\/\/www.pcnen.com\/portal\/wp-json\/wp\/v2\/posts\/355884","targetHints":{"allow":["GET"]}}],"collection":[{"href":"https:\/\/www.pcnen.com\/portal\/wp-json\/wp\/v2\/posts"}],"about":[{"href":"https:\/\/www.pcnen.com\/portal\/wp-json\/wp\/v2\/types\/post"}],"author":[{"embeddable":true,"href":"https:\/\/www.pcnen.com\/portal\/wp-json\/wp\/v2\/users\/1"}],"replies":[{"embeddable":true,"href":"https:\/\/www.pcnen.com\/portal\/wp-json\/wp\/v2\/comments?post=355884"}],"version-history":[{"count":1,"href":"https:\/\/www.pcnen.com\/portal\/wp-json\/wp\/v2\/posts\/355884\/revisions"}],"predecessor-version":[{"id":355886,"href":"https:\/\/www.pcnen.com\/portal\/wp-json\/wp\/v2\/posts\/355884\/revisions\/355886"}],"wp:attachment":[{"href":"https:\/\/www.pcnen.com\/portal\/wp-json\/wp\/v2\/media?parent=355884"}],"wp:term":[{"taxonomy":"category","embeddable":true,"href":"https:\/\/www.pcnen.com\/portal\/wp-json\/wp\/v2\/categories?post=355884"},{"taxonomy":"post_tag","embeddable":true,"href":"https:\/\/www.pcnen.com\/portal\/wp-json\/wp\/v2\/tags?post=355884"}],"curies":[{"name":"wp","href":"https:\/\/api.w.org\/{rel}","templated":true}]}}