{"id":355870,"date":"2022-09-24T19:14:45","date_gmt":"2022-09-24T17:14:45","guid":{"rendered":"https:\/\/www.pcnen.com\/portal\/?p=355870"},"modified":"2022-09-24T19:14:45","modified_gmt":"2022-09-24T17:14:45","slug":"df-boskovic-najavljuje-jos-jedno-antiustavno-ponasanje-dukanovica","status":"publish","type":"post","link":"https:\/\/www.pcnen.com\/portal\/2022\/09\/24\/df-boskovic-najavljuje-jos-jedno-antiustavno-ponasanje-dukanovica\/","title":{"rendered":"DF: Bo\u0161kovi\u0107 najavljuje jo\u0161 jedno antiustavno pona\u0161anje \u0110ukanovi\u0107a"},"content":{"rendered":"<p>Iz DF-a su upozorili Bo\u0161kovi\u0107a da im ne prijeti lakooklopnim vozilima koje je, kako su rekli, kao ministar odbrane nabavio po cijeni skupljoj dva miliona eutra od procijenjene vrijednosti.<\/p>\n<p>\u201cJer upravo ga neko od ovih vozila brzih dana mo\u017ee sprovesti do Spu\u017ea, jer su zatvorske marice ve\u0107 mjesecima zauzete prevozom njegovih partijskih drugova\u201d, kazali su iz DF-a.<\/p>\n<p>Oni su rekli da, po\u0161to je \u0110ukanovi\u0107 dostavio parlamentu dopunjenu odluku za skra\u0107enje mandata Skup\u0161tini, obavje\u0161taju ga da je njegova ustavna obaveza da se kao, kako su kazali, odlaze\u0107i predsjednik dr\u017eave mora pojaviti na mati\u010dnim skup\u0161tinskim odborima da obrazlo\u017ei svoj predlog.<\/p>\n<p>\u201cBi\u0107e to veli\u010danstvena prilika da \u0110ukanovi\u0107u u ime DF-a po\u017eelimo toplu i tradicionalnu &#8216;dobrodo\u0161licu&#8217;, i da ukrstimo argumente s njegovom zlokobnom namjerom da izazove dr\u017eavni udar u Crnoj Gori\u201d, ka\u017ee se u saop\u0161tenju.<\/p>\n<p>Iz DF-a su naveli da o\u010dekuju da se na odboru, pored \u0110ukanovi\u0107evih vrsnih savjetnika Miga Stijepovi\u0107a, Milana Ro\u0107ena i Zorana Pa\u017eina, pojavi i Bo\u0161kovi\u0107, kako bi li\u010dnim primjerom posvjedo\u010dio ljubav prema do\u017eivotnom predsjedniku DPS-a.<\/p>\n<p>\u201cA po\u0161to je Bo\u0161kovi\u0107 previ\u0161e optere\u0107en postojanjem Moskve i Beograda, bi\u0107e nam zadovoljstvo da na odboru direktno pitamo \u0110ukanovi\u0107a i Ro\u0107ena o njihovim &#8216;moskovskim godinama&#8217; i dru\u017eenju sa Putinom, Lavrovom, \u0160ojguom, Deripaskom, i za\u0161to bi DPS svakog dana trebalo da zahvaljuje matu\u0161ki za nezavisnu Crnu Goru\u201d, kazali su oni.<\/p>\n<p>Iz DF-a su rekli da ako \u0110ukanovi\u0107 i Ro\u0107en budu iskreni u odgovorima, vjeruju da \u0107e Bo\u0161kovi\u0107 promijeniti stavove.<\/p>\n<p>\u201cI ponovo navu\u0107i krila bijelog orla na svoja nejaka ple\u0107a, i sigurno zatra\u017eiti od vladike Atanasija da mu vrate orden Svetog Save koji je DHL-om otpravio u Prijepolje\u201d, navodi se u saop\u0161tenju.<\/p>\n<blockquote class=\"wp-embedded-content\" data-secret=\"AF1ZkgA1hA\"><p><a href=\"https:\/\/www.pcnen.com\/portal\/2022\/09\/24\/boskovicev-dobronamjerni-savjet-df-u\/\">Bo\u0161kovi\u0107ev dobronamjerni savjet DF-u\u00a0<\/a><\/p><\/blockquote>\n<p><iframe loading=\"lazy\" class=\"wp-embedded-content\" sandbox=\"allow-scripts\" security=\"restricted\" style=\"position: absolute; clip: rect(1px, 1px, 1px, 1px);\" title=\"&#8220;Bo\u0161kovi\u0107ev dobronamjerni savjet DF-u\u00a0&#8221; &#8212; PCNEN\" src=\"https:\/\/www.pcnen.com\/portal\/2022\/09\/24\/boskovicev-dobronamjerni-savjet-df-u\/embed\/#?secret=34nbYXv4Nt#?secret=AF1ZkgA1hA\" data-secret=\"AF1ZkgA1hA\" width=\"600\" height=\"338\" frameborder=\"0\" marginwidth=\"0\" marginheight=\"0\" scrolling=\"no\"><\/iframe><\/p>\n","protected":false},"excerpt":{"rendered":"<p>Poslanik Demokratske partije socijalista (DPS) Predrag Bo\u0161kovi\u0107 priziva 1997. godinu i tako najavljuje jo\u0161 jedno antiustavno pona\u0161anje predsjednika dr\u017eave Mila \u0110ukanovi\u0107a, saop\u0161tili su iz Demokratskog fronta (DF).<\/p>\n","protected":false},"author":1,"featured_media":287712,"comment_status":"open","ping_status":"closed","sticky":false,"template":"","format":"standard","meta":{"_seopress_robots_primary_cat":"","_seopress_titles_title":"","_seopress_titles_desc":"","_seopress_robots_index":"","_et_pb_use_builder":"","_et_pb_old_content":"","_et_gb_content_width":"","inline_featured_image":false,"footnotes":""},"categories":[14],"tags":[],"class_list":["post-355870","post","type-post","status-publish","format-standard","has-post-thumbnail","hentry","category-vijesti"],"_links":{"self":[{"href":"https:\/\/www.pcnen.com\/portal\/wp-json\/wp\/v2\/posts\/355870","targetHints":{"allow":["GET"]}}],"collection":[{"href":"https:\/\/www.pcnen.com\/portal\/wp-json\/wp\/v2\/posts"}],"about":[{"href":"https:\/\/www.pcnen.com\/portal\/wp-json\/wp\/v2\/types\/post"}],"author":[{"embeddable":true,"href":"https:\/\/www.pcnen.com\/portal\/wp-json\/wp\/v2\/users\/1"}],"replies":[{"embeddable":true,"href":"https:\/\/www.pcnen.com\/portal\/wp-json\/wp\/v2\/comments?post=355870"}],"version-history":[{"count":1,"href":"https:\/\/www.pcnen.com\/portal\/wp-json\/wp\/v2\/posts\/355870\/revisions"}],"predecessor-version":[{"id":355871,"href":"https:\/\/www.pcnen.com\/portal\/wp-json\/wp\/v2\/posts\/355870\/revisions\/355871"}],"wp:featuredmedia":[{"embeddable":true,"href":"https:\/\/www.pcnen.com\/portal\/wp-json\/wp\/v2\/media\/287712"}],"wp:attachment":[{"href":"https:\/\/www.pcnen.com\/portal\/wp-json\/wp\/v2\/media?parent=355870"}],"wp:term":[{"taxonomy":"category","embeddable":true,"href":"https:\/\/www.pcnen.com\/portal\/wp-json\/wp\/v2\/categories?post=355870"},{"taxonomy":"post_tag","embeddable":true,"href":"https:\/\/www.pcnen.com\/portal\/wp-json\/wp\/v2\/tags?post=355870"}],"curies":[{"name":"wp","href":"https:\/\/api.w.org\/{rel}","templated":true}]}}