{"id":355868,"date":"2022-09-24T18:01:40","date_gmt":"2022-09-24T16:01:40","guid":{"rendered":"https:\/\/www.pcnen.com\/portal\/?p=355868"},"modified":"2022-09-24T18:01:40","modified_gmt":"2022-09-24T16:01:40","slug":"milanovic-vucicevo-pominjanje-djece-nepodnosljivo-gadljivo","status":"publish","type":"post","link":"https:\/\/www.pcnen.com\/portal\/2022\/09\/24\/milanovic-vucicevo-pominjanje-djece-nepodnosljivo-gadljivo\/","title":{"rendered":"Milanovi\u0107: Vu\u010di\u0107evo pominjanje djece \u2018nepodno\u0161ljivo gadljivo\u2019"},"content":{"rendered":"<p>Agencija HINA je prenijela da je Vu\u010di\u0107 povodom optu\u017enice Srbije protiv pripadnika hrvatskog ratnog vazduhoplovstva zbog ratnih zlo\u010dina tokom operacije \u201eOluja\u201c 1995, rekao u Njujorku da Hrvatskoj \u201enisu bitna srpska djeca\u201c jer \u201enjihovo ubistvo Hrvatskoj nije \u0161teta\u201c, ali Srbija \u201etra\u017ei da neko odgovara\u201c.<\/p>\n<p>\u201eTa pri\u010da s djecom je ve\u0107 postala nepodno\u0161ljivo gadljiva\u201c, rekao je Milanovi\u0107 i dodao da on nikad nije pominjao hrvatsku djecu, a \u201ei mi Hrvati isto imamo djecu, i Rusi i Ukrajinci, svi imaju djecu\u201c.<\/p>\n<p>Predsjednik Hrvatske je odbacio Vu\u010di\u0107eve tvrdnje da je neko \u201eba\u0161 iz aviona i\u0161ao da ga\u0111a srpsku djecu\u201c, i rekao da bi Srbija trebalo da odgovori \u0161ta su u izbjegli\u010dkoj koloni tokom \u201eOluje\u201c radili srpski vojnici, tenkovi i oklopna vozila.<\/p>\n<p>Milanovi\u0107 je rekao da Srbija nema \u201epravo i moralnu auru\u201c da sudi o doga\u0111ajima na podru\u010dju biv\u0161e Jugoslavije i da takvim djelovanjem ne mo\u017ee u\u0107i u Evropsku uniju.<\/p>\n<p>Naglasio je da Hrvatska Srbiji na putu prema \u010dlanstvu u EU ne pravi probleme kakve do\u017eivljava S.Makedonija od svojih susjeda, prenosi Beta.<\/p>\n<p>\u201eJe li nas Srbija napala \u2013 jeste. Je li Beograd bombardovao, uni\u0161tavao, palio masovno Hrvatsku \u2013 jeste. A kako se Hrvatska pona\u0161a prema njemu \u2013 d\u017eentlmenski. Pa dosta je bilo!\u201c, rekao je Milanovi\u0107.<\/p>\n<p>Kazao je da Hrvatska dosad nije \u201eu\u010dinila ni\u0161ta\u201c povodom optu\u017enica iz Srbije protiv hrvatskih pilota, a da bi on u\u010dinio ne\u0161to da je premijer, ali nije htio da ka\u017ee \u0161ta i da bi to mogao da predlo\u017ei Andreju Plenkovi\u0107u, \u201eali ne ovako javno\u201c.<\/p>\n<p>\u201eOva pri\u010da da mi po tome ne\u0107emo postupati \u2013 ako ti neko opsuje mater vi\u0161e puta, mo\u017ee\u0161 po tome ne postupati, a mo\u017ee\u0161 i reagovati\u201c, rekao je Milanovi\u0107 i optu\u017enice Srbije nazvao \u201ezulumom i terorom\u201c nad hrvatskim zapovijednicima Ratnog vazduhoplovstva.<\/p>\n<p>Predsjednik Hrvatske je rekao i da je \u201enejasan na\u010din na koji se Srbija pona\u0161a\u201c, te da on ne zna da li Beograd zaista \u017eeli u EU.<\/p>\n<p>\u201eSrbija se pona\u0161a kao da se sprema u \u0160angajsku grupu\u201c, zaklju\u010dio je Milanovi\u0107. \u0160angajska organizacija za saradnju okuplja Rusiju, Kinu, od ove godine Iran, Pakistan, Indiju i zemlje sredi\u0161nje Azije.<\/p>\n","protected":false},"excerpt":{"rendered":"<p>Predsjednik Hrvatske, Zoran Milanovi\u0107, rekao je danas da je pri\u010da predsjednika Srbije Aleksandra Vu\u010di\u0107a o tome da Hrvatska ne mari za srpsku djecu \u201epostala nepodno\u0161ljivo gadljiva\u201c i da Srbija nema \u201emoralnu auru\u201c da sudi o doga\u0111ajima tokom raspada Jugoslavije.<\/p>\n","protected":false},"author":1,"featured_media":341648,"comment_status":"open","ping_status":"closed","sticky":false,"template":"","format":"standard","meta":{"_seopress_robots_primary_cat":"","_seopress_titles_title":"","_seopress_titles_desc":"","_seopress_robots_index":"","_et_pb_use_builder":"","_et_pb_old_content":"","_et_gb_content_width":"","inline_featured_image":false,"footnotes":""},"categories":[14],"tags":[],"class_list":["post-355868","post","type-post","status-publish","format-standard","has-post-thumbnail","hentry","category-vijesti"],"_links":{"self":[{"href":"https:\/\/www.pcnen.com\/portal\/wp-json\/wp\/v2\/posts\/355868","targetHints":{"allow":["GET"]}}],"collection":[{"href":"https:\/\/www.pcnen.com\/portal\/wp-json\/wp\/v2\/posts"}],"about":[{"href":"https:\/\/www.pcnen.com\/portal\/wp-json\/wp\/v2\/types\/post"}],"author":[{"embeddable":true,"href":"https:\/\/www.pcnen.com\/portal\/wp-json\/wp\/v2\/users\/1"}],"replies":[{"embeddable":true,"href":"https:\/\/www.pcnen.com\/portal\/wp-json\/wp\/v2\/comments?post=355868"}],"version-history":[{"count":1,"href":"https:\/\/www.pcnen.com\/portal\/wp-json\/wp\/v2\/posts\/355868\/revisions"}],"predecessor-version":[{"id":355869,"href":"https:\/\/www.pcnen.com\/portal\/wp-json\/wp\/v2\/posts\/355868\/revisions\/355869"}],"wp:featuredmedia":[{"embeddable":true,"href":"https:\/\/www.pcnen.com\/portal\/wp-json\/wp\/v2\/media\/341648"}],"wp:attachment":[{"href":"https:\/\/www.pcnen.com\/portal\/wp-json\/wp\/v2\/media?parent=355868"}],"wp:term":[{"taxonomy":"category","embeddable":true,"href":"https:\/\/www.pcnen.com\/portal\/wp-json\/wp\/v2\/categories?post=355868"},{"taxonomy":"post_tag","embeddable":true,"href":"https:\/\/www.pcnen.com\/portal\/wp-json\/wp\/v2\/tags?post=355868"}],"curies":[{"name":"wp","href":"https:\/\/api.w.org\/{rel}","templated":true}]}}