{"id":355865,"date":"2022-09-24T17:31:45","date_gmt":"2022-09-24T15:31:45","guid":{"rendered":"https:\/\/www.pcnen.com\/portal\/?p=355865"},"modified":"2022-09-24T17:31:45","modified_gmt":"2022-09-24T15:31:45","slug":"df-uvjeren-da-ce-uspjeti-u-namjeri-da-smijeni-dukanovica","status":"publish","type":"post","link":"https:\/\/www.pcnen.com\/portal\/2022\/09\/24\/df-uvjeren-da-ce-uspjeti-u-namjeri-da-smijeni-dukanovica\/","title":{"rendered":"DF uvjeren da \u0107e uspjeti u namjeri da smijeni \u0110ukanovi\u0107a"},"content":{"rendered":"<p>Uvjeren je da \u0107e u narednih 15 dana uspjeti u ovoj namjeri, jer su poslanici spremni za to, i jer je to jedini na\u010din da se iza\u0111e iz institucionalne krize.<\/p>\n<p>Kako je kazao, gostuju\u0107i na TV Prva, to mo\u017ee da uradi predsjednica Skup\u0161tine Danijela \u0110urovi\u0107, s obzirom da se \u0110ukanovi\u0107 nalazi u posljednjoj godini mandata.<\/p>\n<p>&#8220;U ovom trenutku ve\u0107ina od 41 poslanika \u0161titi i Ustav i institucije sistema, jer je \u0110ukanovi\u0107 od jedne protokolarne uloge poku\u0161ao da raspisti Skup\u0161tinu i da organizuje izbore po njegovim pravilima&#8221;, ka\u017ee Kne\u017eevi\u0107.<\/p>\n<p>Kazao je da Ustavni sud u ovom trenutku ne postoji, jer nema kvorum za odlu\u010divanje, ali i kada su ga imali o odre\u0111enim aktima se odlu\u010divalo i nakon 10 godina.<\/p>\n<p>&#8220;U ovom trenutku sve je jasno, ukoliko do\u0111e do razrje\u0161enja \u0110ukanovi\u0107a predsjednica Skup\u0161tine preuzima sve njegove ingerencije i nadle\u017enosti, a to zna\u010di da ona odmah treba da raspi\u0161e prijevremene predsjedni\u010dke izbore, ali i da izabere mandatara Miodraga Leki\u0107a. Ne postojanje Ustavnog suda u ovom trenutku je pravna praznina, koja se jedino mo\u017ee tuma\u010diti logi\u010dki, da je Skup\u0161tina jedina nadle\u017ena da upravlja dr\u017eavom&#8221;, poru\u010dio je Kne\u017eevi\u0107.<\/p>\n<p>Istakao je i da je manevarski prostor \u0110ukanovi\u0107a su\u017een, u\u0161ao je u posljednju godinu predsjedni\u010dkog mandata.<\/p>\n<p>&#8220;Umjesto da se dr\u017ei svojih nadle\u017enosti poku\u0161ava da dr\u017ei snagu DPS-u pred predstoje\u0107e lokalne izbore&#8221;, ka\u017ee on.<\/p>\n<p>&nbsp;<\/p>\n<blockquote class=\"wp-embedded-content\" data-secret=\"wRP5PloKRp\"><p><a href=\"https:\/\/www.pcnen.com\/portal\/2022\/09\/22\/parlamentarna-vecina-potpisala-inicijativu-za-razrjesenje-predsjednika-drzave\/\">Parlamentarna ve\u0107ina potpisala inicijativu za razrje\u0161enje predsjednika dr\u017eave<\/a><\/p><\/blockquote>\n<p><iframe loading=\"lazy\" class=\"wp-embedded-content\" sandbox=\"allow-scripts\" security=\"restricted\" style=\"position: absolute; clip: rect(1px, 1px, 1px, 1px);\" title=\"&#8220;Parlamentarna ve\u0107ina potpisala inicijativu za razrje\u0161enje predsjednika dr\u017eave&#8221; &#8212; PCNEN\" src=\"https:\/\/www.pcnen.com\/portal\/2022\/09\/22\/parlamentarna-vecina-potpisala-inicijativu-za-razrjesenje-predsjednika-drzave\/embed\/#?secret=Doa2OMRY3V#?secret=wRP5PloKRp\" data-secret=\"wRP5PloKRp\" width=\"600\" height=\"338\" frameborder=\"0\" marginwidth=\"0\" marginheight=\"0\" scrolling=\"no\"><\/iframe><\/p>\n","protected":false},"excerpt":{"rendered":"<p>Jedan od lidera DF-a Milan Kne\u017eevi\u0107 kazao je da su na neustavno djelovanje Mila \u0110ukanovi\u0107a mogli da odgovore jedino ustavnim mehanizmima, a to je da sa 41 potpisom poslanika zatra\u017ee njegovo razrje\u0161enje i raspisivanje prijevremnih predsjedni\u010dkih izbora.<\/p>\n","protected":false},"author":1,"featured_media":293877,"comment_status":"open","ping_status":"closed","sticky":false,"template":"","format":"standard","meta":{"_seopress_robots_primary_cat":"","_seopress_titles_title":"","_seopress_titles_desc":"","_seopress_robots_index":"","_et_pb_use_builder":"","_et_pb_old_content":"","_et_gb_content_width":"","inline_featured_image":false,"footnotes":""},"categories":[14],"tags":[],"class_list":["post-355865","post","type-post","status-publish","format-standard","has-post-thumbnail","hentry","category-vijesti"],"_links":{"self":[{"href":"https:\/\/www.pcnen.com\/portal\/wp-json\/wp\/v2\/posts\/355865","targetHints":{"allow":["GET"]}}],"collection":[{"href":"https:\/\/www.pcnen.com\/portal\/wp-json\/wp\/v2\/posts"}],"about":[{"href":"https:\/\/www.pcnen.com\/portal\/wp-json\/wp\/v2\/types\/post"}],"author":[{"embeddable":true,"href":"https:\/\/www.pcnen.com\/portal\/wp-json\/wp\/v2\/users\/1"}],"replies":[{"embeddable":true,"href":"https:\/\/www.pcnen.com\/portal\/wp-json\/wp\/v2\/comments?post=355865"}],"version-history":[{"count":1,"href":"https:\/\/www.pcnen.com\/portal\/wp-json\/wp\/v2\/posts\/355865\/revisions"}],"predecessor-version":[{"id":355867,"href":"https:\/\/www.pcnen.com\/portal\/wp-json\/wp\/v2\/posts\/355865\/revisions\/355867"}],"wp:featuredmedia":[{"embeddable":true,"href":"https:\/\/www.pcnen.com\/portal\/wp-json\/wp\/v2\/media\/293877"}],"wp:attachment":[{"href":"https:\/\/www.pcnen.com\/portal\/wp-json\/wp\/v2\/media?parent=355865"}],"wp:term":[{"taxonomy":"category","embeddable":true,"href":"https:\/\/www.pcnen.com\/portal\/wp-json\/wp\/v2\/categories?post=355865"},{"taxonomy":"post_tag","embeddable":true,"href":"https:\/\/www.pcnen.com\/portal\/wp-json\/wp\/v2\/tags?post=355865"}],"curies":[{"name":"wp","href":"https:\/\/api.w.org\/{rel}","templated":true}]}}