{"id":355854,"date":"2022-09-24T15:51:56","date_gmt":"2022-09-24T13:51:56","guid":{"rendered":"https:\/\/www.pcnen.com\/portal\/?p=355854"},"modified":"2022-09-24T15:51:56","modified_gmt":"2022-09-24T13:51:56","slug":"boskovicev-dobronamjerni-savjet-df-u","status":"publish","type":"post","link":"https:\/\/www.pcnen.com\/portal\/2022\/09\/24\/boskovicev-dobronamjerni-savjet-df-u\/","title":{"rendered":"Bo\u0161kovi\u0107ev dobronamjerni savjet DF-u\u00a0"},"content":{"rendered":"<p>On je rekao da najdobronamjernije savjetuju Demokratskom frontu (DF) i svima koji ih \u017eele slijediti da se, kako je naveo, okanu manipulisanja i poku\u0161aja stvaranja dodatne nestabilnosti dr\u017eave.<\/p>\n<p>Bo\u0161kovi\u0107 je kazao da \u201cosvjedo\u010deni ruski pla\u0107enici, koji \u010dekaju da im Beograd ka\u017ee \u0161ta misle, iza sebe imaju ve\u0107 jedan neuspjeli dr\u017eavni udar\u201d, prenosi Mina.<\/p>\n<p>\u201cPa im poru\u010dujemo da budu posebno oprezni sa planiranjem drugog. To \u0161to su udru\u017eeno i sa namjerom doveli do nefunkcionalnog Ustavnog suda, \u0161to su potezima, a sve navo\u0111eni daljinskim upravlja\u010dem iz Moskve i Beograda, planirano izazvali potpuni haos u dr\u017eavi, ne zna\u010di da \u0107emo sjedjeti skr\u0161tenih ruku i nijemo posmatrati kako \u017eele da uru\u0161e preostale funkcionalne institucije u dr\u017eavi\u201d, naveo je on.<\/p>\n<p>Prema rije\u010dima Bo\u0161kovi\u0107a, sve je naro\u010dito jasno nakon posljednje sjednice Skup\u0161tine.<\/p>\n<p>\u201cKada je upravo iz klupa ruske pla\u0107eni\u010dke garniture pominjana mogu\u0107nost sukoba, uz prijetnje. Ali, zaboravili ste, va\u0161ih se prijetnji niko ne pla\u0161i, a posebno kada ih izri\u010de onaj va\u0161 funkcioner koji ve\u0107 \u010detvrt vijeka samo to radi\u201d, kazao je Bo\u0161kovi\u0107.<\/p>\n<p>On je u saop\u0161tenju naveo da DF-u preporu\u010duje da energiju i koncentraciju posvete argumentaciji koju \u0107e koristiti kada ih nadle\u017eni organi budu upitali \u201cza\u0161to ba\u0161 njih pripadnici narko klana spominju u svojim kriptovanim komunikacijama\u201d.<\/p>\n<p>\u201c\u0160ta ste im du\u017eni i \u0161ta ste im obe\u0107ali, a nijeste jo\u0161 ispunili? Va\u0161 o\u010dajni\u010dki poku\u0161aj destabilizacije Crne Gore, o kojem \u0107emo vjerovatno u budu\u0107nosti \u010ditati iz neke nove kripto komunikacije, bi\u0107e sprije\u010den, kao svaki put do sada\u201d, ka\u017ee se u saop\u0161tenju.<\/p>\n","protected":false},"excerpt":{"rendered":"<p>Svaki poku\u0161aj destabilizacije Crne Gore bi\u0107e sprije\u010den, kao i svaki put do sada, kazao je \u010dlan Predsjedni\u0161tva i poslanik DPS-a u Skup\u0161tini Crne Gore Predrag Bo\u0161kovi\u0107.<\/p>\n","protected":false},"author":1,"featured_media":345951,"comment_status":"open","ping_status":"closed","sticky":false,"template":"","format":"standard","meta":{"_seopress_robots_primary_cat":"","_seopress_titles_title":"","_seopress_titles_desc":"","_seopress_robots_index":"","_et_pb_use_builder":"","_et_pb_old_content":"","_et_gb_content_width":"","inline_featured_image":false,"footnotes":""},"categories":[14],"tags":[],"class_list":["post-355854","post","type-post","status-publish","format-standard","has-post-thumbnail","hentry","category-vijesti"],"_links":{"self":[{"href":"https:\/\/www.pcnen.com\/portal\/wp-json\/wp\/v2\/posts\/355854","targetHints":{"allow":["GET"]}}],"collection":[{"href":"https:\/\/www.pcnen.com\/portal\/wp-json\/wp\/v2\/posts"}],"about":[{"href":"https:\/\/www.pcnen.com\/portal\/wp-json\/wp\/v2\/types\/post"}],"author":[{"embeddable":true,"href":"https:\/\/www.pcnen.com\/portal\/wp-json\/wp\/v2\/users\/1"}],"replies":[{"embeddable":true,"href":"https:\/\/www.pcnen.com\/portal\/wp-json\/wp\/v2\/comments?post=355854"}],"version-history":[{"count":1,"href":"https:\/\/www.pcnen.com\/portal\/wp-json\/wp\/v2\/posts\/355854\/revisions"}],"predecessor-version":[{"id":355855,"href":"https:\/\/www.pcnen.com\/portal\/wp-json\/wp\/v2\/posts\/355854\/revisions\/355855"}],"wp:featuredmedia":[{"embeddable":true,"href":"https:\/\/www.pcnen.com\/portal\/wp-json\/wp\/v2\/media\/345951"}],"wp:attachment":[{"href":"https:\/\/www.pcnen.com\/portal\/wp-json\/wp\/v2\/media?parent=355854"}],"wp:term":[{"taxonomy":"category","embeddable":true,"href":"https:\/\/www.pcnen.com\/portal\/wp-json\/wp\/v2\/categories?post=355854"},{"taxonomy":"post_tag","embeddable":true,"href":"https:\/\/www.pcnen.com\/portal\/wp-json\/wp\/v2\/tags?post=355854"}],"curies":[{"name":"wp","href":"https:\/\/api.w.org\/{rel}","templated":true}]}}