{"id":355847,"date":"2022-09-24T12:45:54","date_gmt":"2022-09-24T10:45:54","guid":{"rendered":"https:\/\/www.pcnen.com\/portal\/?p=355847"},"modified":"2022-09-24T12:45:54","modified_gmt":"2022-09-24T10:45:54","slug":"kosovo-zaustaviti-proces-integracije-srbije-u-eu","status":"publish","type":"post","link":"https:\/\/www.pcnen.com\/portal\/2022\/09\/24\/kosovo-zaustaviti-proces-integracije-srbije-u-eu\/","title":{"rendered":"Kosovo: Zaustaviti proces integracije Srbije u EU"},"content":{"rendered":"<p>On je na Tviteru napisao da Srbija ne uskla\u0111uje svoju spoljnu politiku sa EU i njenim dr\u017eavama \u010dlanicama u pogledu Ukrajine, prenosi Beta.<\/p>\n<p>\u201eSrbija radi na daljem usagla\u0161avanju svoje spoljne politike sa Rusijom. Srbija ne uspjieva da uskladi svoju spoljnu politiku sa EU i njenim dr\u017eavama \u010dlanicama u pogledu Ukrajine. Ulazak Srbije u EU mora biti zaustavljen. U tako odlu\u010duju\u0107em trenutku za Evropu ne bi trebalo da postoje vi\u0161e dvije rije\u010di\u201c, pi\u0161e Velja.<\/p>\n<p>Ministri spoljnih poslova Srbije i Rusije Nikola Seljakovi\u0107 i Sergej Lavrov potpisali su na marginama 77. zasijedanja Skup\u0161tine UN sporazum o koordinaciji spoljne politike.<\/p>\n","protected":false},"excerpt":{"rendered":"<p>\u0160ef kabineta predsjednice Kosova Bljerim Velja pozvao je Evropsku uniju da zaustavi proces integracije Srbije nakon \u0161to su na marginama Generalne skup\u0161tine UN-a Srbija i Rusija potpisale sporazum o usagla\u0161avanju spoljne politike.<\/p>\n","protected":false},"author":1,"featured_media":304527,"comment_status":"open","ping_status":"closed","sticky":false,"template":"","format":"standard","meta":{"_seopress_robots_primary_cat":"","_seopress_titles_title":"","_seopress_titles_desc":"","_seopress_robots_index":"","_et_pb_use_builder":"","_et_pb_old_content":"","_et_gb_content_width":"","inline_featured_image":false,"footnotes":""},"categories":[14],"tags":[],"class_list":["post-355847","post","type-post","status-publish","format-standard","has-post-thumbnail","hentry","category-vijesti"],"_links":{"self":[{"href":"https:\/\/www.pcnen.com\/portal\/wp-json\/wp\/v2\/posts\/355847","targetHints":{"allow":["GET"]}}],"collection":[{"href":"https:\/\/www.pcnen.com\/portal\/wp-json\/wp\/v2\/posts"}],"about":[{"href":"https:\/\/www.pcnen.com\/portal\/wp-json\/wp\/v2\/types\/post"}],"author":[{"embeddable":true,"href":"https:\/\/www.pcnen.com\/portal\/wp-json\/wp\/v2\/users\/1"}],"replies":[{"embeddable":true,"href":"https:\/\/www.pcnen.com\/portal\/wp-json\/wp\/v2\/comments?post=355847"}],"version-history":[{"count":1,"href":"https:\/\/www.pcnen.com\/portal\/wp-json\/wp\/v2\/posts\/355847\/revisions"}],"predecessor-version":[{"id":355848,"href":"https:\/\/www.pcnen.com\/portal\/wp-json\/wp\/v2\/posts\/355847\/revisions\/355848"}],"wp:featuredmedia":[{"embeddable":true,"href":"https:\/\/www.pcnen.com\/portal\/wp-json\/wp\/v2\/media\/304527"}],"wp:attachment":[{"href":"https:\/\/www.pcnen.com\/portal\/wp-json\/wp\/v2\/media?parent=355847"}],"wp:term":[{"taxonomy":"category","embeddable":true,"href":"https:\/\/www.pcnen.com\/portal\/wp-json\/wp\/v2\/categories?post=355847"},{"taxonomy":"post_tag","embeddable":true,"href":"https:\/\/www.pcnen.com\/portal\/wp-json\/wp\/v2\/tags?post=355847"}],"curies":[{"name":"wp","href":"https:\/\/api.w.org\/{rel}","templated":true}]}}