{"id":355841,"date":"2022-09-24T12:10:36","date_gmt":"2022-09-24T10:10:36","guid":{"rendered":"https:\/\/www.pcnen.com\/portal\/?p=355841"},"modified":"2022-09-24T12:10:36","modified_gmt":"2022-09-24T10:10:36","slug":"borel-sukob-u-ukrajini-dostigao-opasan-trenutak","status":"publish","type":"post","link":"https:\/\/www.pcnen.com\/portal\/2022\/09\/24\/borel-sukob-u-ukrajini-dostigao-opasan-trenutak\/","title":{"rendered":"Borel: Sukob u Ukrajini dostigao \u2018opasan trenutak\u2019"},"content":{"rendered":"<p>Borel je za BBC izjavio da je sukob u Ukrajini dostigao &#8220;opasan trenutak&#8221;.<\/p>\n<p>\u201cSigurno je da je sukob u\u0161ao u opasan trenutak jer se ruska vojska suo\u010dava sa problemima. Reagovanje Putina, koji prijeti upotrebom nuklearnog oru\u017eja, veoma je lo\u0161e\u201d, naglasio je Borelj, prenosi Srna.<\/p>\n<p>Ruski lider je u obra\u0107anju po\u010detkom sedmice izjavio da Rusija posjeduje razna razorna oru\u017eja i da \u0107e iskoristiti sva dostupna sredstva, dodaju\u0107i pri tome da ne blefira.<\/p>\n<p>Borel je rekao da ljude treba shvatiti ozbiljno kada ka\u017eu da ne blefiraju.<\/p>\n<p>&nbsp;<\/p>\n<blockquote class=\"wp-embedded-content\" data-secret=\"yUmP4Jpwjf\"><p><a href=\"https:\/\/www.pcnen.com\/portal\/2022\/09\/21\/putin-proglasio-djelimicnu-mobilizaciju\/\">Putin proglasio djelimi\u010dnu mobilizaciju<\/a><\/p><\/blockquote>\n<p><iframe loading=\"lazy\" class=\"wp-embedded-content\" sandbox=\"allow-scripts\" security=\"restricted\" style=\"position: absolute; clip: rect(1px, 1px, 1px, 1px);\" title=\"&#8220;Putin proglasio djelimi\u010dnu mobilizaciju&#8221; &#8212; PCNEN\" src=\"https:\/\/www.pcnen.com\/portal\/2022\/09\/21\/putin-proglasio-djelimicnu-mobilizaciju\/embed\/#?secret=ij6xn9HLCq#?secret=yUmP4Jpwjf\" data-secret=\"yUmP4Jpwjf\" width=\"600\" height=\"338\" frameborder=\"0\" marginwidth=\"0\" marginheight=\"0\" scrolling=\"no\"><\/iframe><\/p>\n","protected":false},"excerpt":{"rendered":"<p>Visoki predstavnik EU za spoljnu politiku i bezbjednost \u017dozep Borel rekao je danas da EU &#8220;mora ozbiljno da shvati prijetnje ruskog predsjednika Vladimira Putina da \u0107e upotrijebiti nuklearno oru\u017eje u sukobu u Ukrajini&#8221;.<\/p>\n","protected":false},"author":1,"featured_media":319239,"comment_status":"open","ping_status":"closed","sticky":false,"template":"","format":"standard","meta":{"_seopress_robots_primary_cat":"","_seopress_titles_title":"","_seopress_titles_desc":"","_seopress_robots_index":"","_et_pb_use_builder":"","_et_pb_old_content":"","_et_gb_content_width":"","inline_featured_image":false,"footnotes":""},"categories":[14],"tags":[],"class_list":["post-355841","post","type-post","status-publish","format-standard","has-post-thumbnail","hentry","category-vijesti"],"_links":{"self":[{"href":"https:\/\/www.pcnen.com\/portal\/wp-json\/wp\/v2\/posts\/355841","targetHints":{"allow":["GET"]}}],"collection":[{"href":"https:\/\/www.pcnen.com\/portal\/wp-json\/wp\/v2\/posts"}],"about":[{"href":"https:\/\/www.pcnen.com\/portal\/wp-json\/wp\/v2\/types\/post"}],"author":[{"embeddable":true,"href":"https:\/\/www.pcnen.com\/portal\/wp-json\/wp\/v2\/users\/1"}],"replies":[{"embeddable":true,"href":"https:\/\/www.pcnen.com\/portal\/wp-json\/wp\/v2\/comments?post=355841"}],"version-history":[{"count":1,"href":"https:\/\/www.pcnen.com\/portal\/wp-json\/wp\/v2\/posts\/355841\/revisions"}],"predecessor-version":[{"id":355842,"href":"https:\/\/www.pcnen.com\/portal\/wp-json\/wp\/v2\/posts\/355841\/revisions\/355842"}],"wp:featuredmedia":[{"embeddable":true,"href":"https:\/\/www.pcnen.com\/portal\/wp-json\/wp\/v2\/media\/319239"}],"wp:attachment":[{"href":"https:\/\/www.pcnen.com\/portal\/wp-json\/wp\/v2\/media?parent=355841"}],"wp:term":[{"taxonomy":"category","embeddable":true,"href":"https:\/\/www.pcnen.com\/portal\/wp-json\/wp\/v2\/categories?post=355841"},{"taxonomy":"post_tag","embeddable":true,"href":"https:\/\/www.pcnen.com\/portal\/wp-json\/wp\/v2\/tags?post=355841"}],"curies":[{"name":"wp","href":"https:\/\/api.w.org\/{rel}","templated":true}]}}