{"id":355839,"date":"2022-09-24T10:44:56","date_gmt":"2022-09-24T08:44:56","guid":{"rendered":"https:\/\/www.pcnen.com\/portal\/?p=355839"},"modified":"2022-09-24T10:44:56","modified_gmt":"2022-09-24T08:44:56","slug":"kccg-psihijatrijski-pacijenti-bice-hospitalizovani-u-ob-niksic","status":"publish","type":"post","link":"https:\/\/www.pcnen.com\/portal\/2022\/09\/24\/kccg-psihijatrijski-pacijenti-bice-hospitalizovani-u-ob-niksic\/","title":{"rendered":"KCCG: Psihijatrijski pacijenti bi\u0107e hospitalizovani u OB Nik\u0161i\u0107"},"content":{"rendered":"<p>Ambulantni pregledi i konsultacije te Klinike sprovodi\u0107e se dosada\u0161njom dinamikom.<\/p>\n<p>\u201cOvo je privremeno rje\u0161enje do adaptacije klinike koja je smje\u0161tena u monta\u017enim objektima u parku pored Dvorca Petrovi\u0107a na Kru\u0161evcu, ako je neuslovna tri decenije i dalji boravak u ovim prostorijama ne bi bio siguran\u201d, navodi se u saop\u0161tenju.<\/p>\n<p>Iz KCCG su podsjetili da je u julu ove godine postavljen kamen temeljac za novu zgradu Klinike za mentalno zdravlje.<\/p>\n<p>\u201cRije\u010d je o projektu koji bi trebalo da bude realizovan narednih 18 mjeseci\u201d, pi\u0161e u saop\u0161tenju.<\/p>\n","protected":false},"excerpt":{"rendered":"<p>Svi pacijenti Klinike za psihijatriju Klini\u010dkog centra Crne Gore (KCCG), koji budu zahtijevali bolni\u010dko lije\u010denje, bi\u0107e hospitalizovani u Op\u0161toj bolnici Nik\u0161i\u0107, saop\u0161tili su iz KCCG.<\/p>\n","protected":false},"author":1,"featured_media":302880,"comment_status":"open","ping_status":"closed","sticky":false,"template":"","format":"standard","meta":{"_seopress_robots_primary_cat":"","_seopress_titles_title":"","_seopress_titles_desc":"","_seopress_robots_index":"","_et_pb_use_builder":"","_et_pb_old_content":"","_et_gb_content_width":"","inline_featured_image":false,"footnotes":""},"categories":[14],"tags":[],"class_list":["post-355839","post","type-post","status-publish","format-standard","has-post-thumbnail","hentry","category-vijesti"],"_links":{"self":[{"href":"https:\/\/www.pcnen.com\/portal\/wp-json\/wp\/v2\/posts\/355839","targetHints":{"allow":["GET"]}}],"collection":[{"href":"https:\/\/www.pcnen.com\/portal\/wp-json\/wp\/v2\/posts"}],"about":[{"href":"https:\/\/www.pcnen.com\/portal\/wp-json\/wp\/v2\/types\/post"}],"author":[{"embeddable":true,"href":"https:\/\/www.pcnen.com\/portal\/wp-json\/wp\/v2\/users\/1"}],"replies":[{"embeddable":true,"href":"https:\/\/www.pcnen.com\/portal\/wp-json\/wp\/v2\/comments?post=355839"}],"version-history":[{"count":1,"href":"https:\/\/www.pcnen.com\/portal\/wp-json\/wp\/v2\/posts\/355839\/revisions"}],"predecessor-version":[{"id":355840,"href":"https:\/\/www.pcnen.com\/portal\/wp-json\/wp\/v2\/posts\/355839\/revisions\/355840"}],"wp:featuredmedia":[{"embeddable":true,"href":"https:\/\/www.pcnen.com\/portal\/wp-json\/wp\/v2\/media\/302880"}],"wp:attachment":[{"href":"https:\/\/www.pcnen.com\/portal\/wp-json\/wp\/v2\/media?parent=355839"}],"wp:term":[{"taxonomy":"category","embeddable":true,"href":"https:\/\/www.pcnen.com\/portal\/wp-json\/wp\/v2\/categories?post=355839"},{"taxonomy":"post_tag","embeddable":true,"href":"https:\/\/www.pcnen.com\/portal\/wp-json\/wp\/v2\/tags?post=355839"}],"curies":[{"name":"wp","href":"https:\/\/api.w.org\/{rel}","templated":true}]}}