{"id":355832,"date":"2022-09-24T07:31:47","date_gmt":"2022-09-24T05:31:47","guid":{"rendered":"https:\/\/www.pcnen.com\/portal\/?p=355832"},"modified":"2022-09-24T07:31:47","modified_gmt":"2022-09-24T05:31:47","slug":"federer-otisao-sa-profesionalne-scene","status":"publish","type":"post","link":"https:\/\/www.pcnen.com\/portal\/2022\/09\/24\/federer-otisao-sa-profesionalne-scene\/","title":{"rendered":"Federer oti\u0161ao sa profesionalne scene"},"content":{"rendered":"<p>On je sino\u0107 igrao zajedno sa \u0160pancem Rafaelom Nadalom u dublu protiv Tima svijeta, i izgubili su (4:6, 7:6, 11:9).<\/p>\n<p>Federer je 24 godine profesionalno igrao tenis.<\/p>\n<p>Federer je u karijeri osvojio sve grend slem turnire u pojedina\u010dnoj konkurenciji i ukupno ih ima 20.<\/p>\n<p>https:\/\/twitter.com\/i\/status\/1573457158645202946<\/p>\n","protected":false},"excerpt":{"rendered":"<p>Rod\u017eer Federer se sino\u0107 oprostio od profesionalnog bavljenja tenisom na me\u010du Lejver kupa u Londonu.<\/p>\n","protected":false},"author":1,"featured_media":355243,"comment_status":"open","ping_status":"closed","sticky":false,"template":"","format":"standard","meta":{"_seopress_robots_primary_cat":"","_seopress_titles_title":"","_seopress_titles_desc":"","_seopress_robots_index":"","_et_pb_use_builder":"","_et_pb_old_content":"","_et_gb_content_width":"","inline_featured_image":false,"footnotes":""},"categories":[14],"tags":[],"class_list":["post-355832","post","type-post","status-publish","format-standard","has-post-thumbnail","hentry","category-vijesti"],"_links":{"self":[{"href":"https:\/\/www.pcnen.com\/portal\/wp-json\/wp\/v2\/posts\/355832","targetHints":{"allow":["GET"]}}],"collection":[{"href":"https:\/\/www.pcnen.com\/portal\/wp-json\/wp\/v2\/posts"}],"about":[{"href":"https:\/\/www.pcnen.com\/portal\/wp-json\/wp\/v2\/types\/post"}],"author":[{"embeddable":true,"href":"https:\/\/www.pcnen.com\/portal\/wp-json\/wp\/v2\/users\/1"}],"replies":[{"embeddable":true,"href":"https:\/\/www.pcnen.com\/portal\/wp-json\/wp\/v2\/comments?post=355832"}],"version-history":[{"count":1,"href":"https:\/\/www.pcnen.com\/portal\/wp-json\/wp\/v2\/posts\/355832\/revisions"}],"predecessor-version":[{"id":355833,"href":"https:\/\/www.pcnen.com\/portal\/wp-json\/wp\/v2\/posts\/355832\/revisions\/355833"}],"wp:featuredmedia":[{"embeddable":true,"href":"https:\/\/www.pcnen.com\/portal\/wp-json\/wp\/v2\/media\/355243"}],"wp:attachment":[{"href":"https:\/\/www.pcnen.com\/portal\/wp-json\/wp\/v2\/media?parent=355832"}],"wp:term":[{"taxonomy":"category","embeddable":true,"href":"https:\/\/www.pcnen.com\/portal\/wp-json\/wp\/v2\/categories?post=355832"},{"taxonomy":"post_tag","embeddable":true,"href":"https:\/\/www.pcnen.com\/portal\/wp-json\/wp\/v2\/tags?post=355832"}],"curies":[{"name":"wp","href":"https:\/\/api.w.org\/{rel}","templated":true}]}}