{"id":355794,"date":"2022-09-23T13:09:31","date_gmt":"2022-09-23T11:09:31","guid":{"rendered":"https:\/\/www.pcnen.com\/portal\/?p=355794"},"modified":"2022-09-23T13:09:31","modified_gmt":"2022-09-23T11:09:31","slug":"vlada-usvojila-izvjestaj-komisije-koja-se-bavi-napadima-na-novinare","status":"publish","type":"post","link":"https:\/\/www.pcnen.com\/portal\/2022\/09\/23\/vlada-usvojila-izvjestaj-komisije-koja-se-bavi-napadima-na-novinare\/","title":{"rendered":"Vlada usvojila izvje\u0161taj komisije koja se bavi napadima na novinare"},"content":{"rendered":"<p>U saop\u0161tenju iz Vladine slu\u017ebe za odnose s javno\u0161\u0107u je navedeno da je Komisija, pored redovnog rada, radila na Analizi odgovora Vrhovnog dr\u017eavnog tu\u017eila\u0161tva (VDT) i Uprave policije u vezi sa preporukama Komisije ranijeg saziva koje su sadr\u017eane u izvje\u0161taju za period od 23. septembra 2017. do 23. januara 2018. godine, a koji je Generalni sekretarijat Vlade dostavio Komisiji 17. januara 2022. godine.<\/p>\n<p>Komisija je konstatovala da je VDT dalo uop\u0161ten odgovor i nije se osvrnulo pojedina\u010dno na preporuke ni o jednom slu\u010daju obra\u0111enom u izvje\u0161taju Komisije, niti je upotrijebilo sva zakonska ovla\u0161\u0107enja da \u201epreispita efikasnost i djelotvornost svih istraga napada na novinare i imovinu medija sa stanovi\u0161ta postupanja nadle\u017enih dr\u017eavnih tu\u017eila\u0161tava\u201c, kako mu je preporu\u010dila Vlada.<\/p>\n<p>Komisija je konstatovala da nema saznanja da je u bilo kom predmetu napada na novinare i imovinu medija dato bilo kakvo obavezuju\u0107e upustvo, kao ni da je protiv bilo kog tu\u017eioca koji postupa u tim predmetima ikada pokrenut disciplinski postupak, iako je u nekim slu\u010dajevima zastarjelost gonjenja ve\u0107 nastupila.<\/p>\n<p>Komisija je od VDT dobila i izja\u0161njenje dr\u017eavnih tu\u017eila\u0161tava na navode iz Izvje\u0161taja Komisije za period od 4. juna 2021. do 4. oktobra 2021. godine, kao i izja\u0161njenje dr\u017eavnih tu\u017eila\u0161tava na navode iz Izvje\u0161taja o radu Komisije za period od 4. oktobra 2021. do 10. februara 2022. godine. U Izvje\u0161taju se navodi da je to prvi put da Tu\u017eila\u0161tvo Komisiji u kratkom roku i direktnim putem dostavlja izja\u0161njenje na preporuke, navodi se u zvani\u010dnom saop\u0161tenju.<\/p>\n","protected":false},"excerpt":{"rendered":"<p>Vlada Crne Gore je na dana\u0161njoj sjednici usvojila Izvje\u0161taj o radu Komisije za pra\u0107enje postupanja nadle\u017enih organa u istragama slu\u010dajeva prijetnji i nasilja nad novinarima, ubistva novinara i napada na imovinu medija, za period od 10. februara 2022. do 23. juna 2022. godine.<\/p>\n","protected":false},"author":1,"featured_media":275732,"comment_status":"open","ping_status":"closed","sticky":false,"template":"","format":"standard","meta":{"_seopress_robots_primary_cat":"","_seopress_titles_title":"","_seopress_titles_desc":"","_seopress_robots_index":"","_et_pb_use_builder":"","_et_pb_old_content":"","_et_gb_content_width":"","inline_featured_image":false,"footnotes":""},"categories":[14],"tags":[],"class_list":["post-355794","post","type-post","status-publish","format-standard","has-post-thumbnail","hentry","category-vijesti"],"_links":{"self":[{"href":"https:\/\/www.pcnen.com\/portal\/wp-json\/wp\/v2\/posts\/355794","targetHints":{"allow":["GET"]}}],"collection":[{"href":"https:\/\/www.pcnen.com\/portal\/wp-json\/wp\/v2\/posts"}],"about":[{"href":"https:\/\/www.pcnen.com\/portal\/wp-json\/wp\/v2\/types\/post"}],"author":[{"embeddable":true,"href":"https:\/\/www.pcnen.com\/portal\/wp-json\/wp\/v2\/users\/1"}],"replies":[{"embeddable":true,"href":"https:\/\/www.pcnen.com\/portal\/wp-json\/wp\/v2\/comments?post=355794"}],"version-history":[{"count":1,"href":"https:\/\/www.pcnen.com\/portal\/wp-json\/wp\/v2\/posts\/355794\/revisions"}],"predecessor-version":[{"id":355795,"href":"https:\/\/www.pcnen.com\/portal\/wp-json\/wp\/v2\/posts\/355794\/revisions\/355795"}],"wp:featuredmedia":[{"embeddable":true,"href":"https:\/\/www.pcnen.com\/portal\/wp-json\/wp\/v2\/media\/275732"}],"wp:attachment":[{"href":"https:\/\/www.pcnen.com\/portal\/wp-json\/wp\/v2\/media?parent=355794"}],"wp:term":[{"taxonomy":"category","embeddable":true,"href":"https:\/\/www.pcnen.com\/portal\/wp-json\/wp\/v2\/categories?post=355794"},{"taxonomy":"post_tag","embeddable":true,"href":"https:\/\/www.pcnen.com\/portal\/wp-json\/wp\/v2\/tags?post=355794"}],"curies":[{"name":"wp","href":"https:\/\/api.w.org\/{rel}","templated":true}]}}