{"id":355788,"date":"2022-09-23T12:31:01","date_gmt":"2022-09-23T10:31:01","guid":{"rendered":"https:\/\/www.pcnen.com\/portal\/?p=355788"},"modified":"2022-09-23T12:31:01","modified_gmt":"2022-09-23T10:31:01","slug":"romsku-djecu-nema-ko-da-preveze-do-skola-video","status":"publish","type":"post","link":"https:\/\/www.pcnen.com\/portal\/2022\/09\/23\/romsku-djecu-nema-ko-da-preveze-do-skola-video\/","title":{"rendered":"Romsku djecu nema ko da preveze do \u0161kola (video)"},"content":{"rendered":"<p>Roditelji romske dje\u0107e su ju\u010de protestovali ispred Ministarstva prosvjete.<\/p>\n<p>Svake godine se ponavlja isti problem &#8211; djeca \u010dak i do dva mjeseca ne poha\u0111aju nastavu zbog neorganizovanog prevoza. Ministarstvo prosvjete prebacuje odgovornost na osnovne \u0161kole, a \u0161kole na Ministarstvo. NVO Phiren Amenca je zbog toga podnjela i tu\u017ebu za za\u0161titu od diskriminacije Osnovnom sudu u Podgorici po\u010detkom 2020\/2021 \u0161kolske godine, prenosi portal<a href=\"https:\/\/romanet.me\/vijesti\/video-ministarstvo-prosvjete-prevoz-je-definitivno-stvar-uprave-skole\/\" target=\"_blank\" rel=\"noopener\"> RomaNet.<\/a><\/p>\n<p><iframe loading=\"lazy\" title=\"YouTube video player\" src=\"https:\/\/www.youtube.com\/embed\/l4RJjRLdPWE\" width=\"560\" height=\"315\" frameborder=\"0\" allowfullscreen=\"allowfullscreen\"><\/iframe><\/p>\n","protected":false},"excerpt":{"rendered":"<p>Roditelji romske djece kojima je uskra\u0107eno poha\u0111anje nastave tra\u017ee od ministra prosvjete Miomira Vojinovi\u0107a da hitno rije\u0161i pitanje prevoza njihove djece do osnovnih \u0161kola u Podgorici i nazad u naselje Vrela ribni\u010dka.<\/p>\n","protected":false},"author":1,"featured_media":355789,"comment_status":"open","ping_status":"closed","sticky":false,"template":"","format":"standard","meta":{"_seopress_robots_primary_cat":"","_seopress_titles_title":"","_seopress_titles_desc":"","_seopress_robots_index":"","_et_pb_use_builder":"","_et_pb_old_content":"","_et_gb_content_width":"","inline_featured_image":false,"footnotes":""},"categories":[14],"tags":[],"class_list":["post-355788","post","type-post","status-publish","format-standard","has-post-thumbnail","hentry","category-vijesti"],"_links":{"self":[{"href":"https:\/\/www.pcnen.com\/portal\/wp-json\/wp\/v2\/posts\/355788","targetHints":{"allow":["GET"]}}],"collection":[{"href":"https:\/\/www.pcnen.com\/portal\/wp-json\/wp\/v2\/posts"}],"about":[{"href":"https:\/\/www.pcnen.com\/portal\/wp-json\/wp\/v2\/types\/post"}],"author":[{"embeddable":true,"href":"https:\/\/www.pcnen.com\/portal\/wp-json\/wp\/v2\/users\/1"}],"replies":[{"embeddable":true,"href":"https:\/\/www.pcnen.com\/portal\/wp-json\/wp\/v2\/comments?post=355788"}],"version-history":[{"count":1,"href":"https:\/\/www.pcnen.com\/portal\/wp-json\/wp\/v2\/posts\/355788\/revisions"}],"predecessor-version":[{"id":355790,"href":"https:\/\/www.pcnen.com\/portal\/wp-json\/wp\/v2\/posts\/355788\/revisions\/355790"}],"wp:featuredmedia":[{"embeddable":true,"href":"https:\/\/www.pcnen.com\/portal\/wp-json\/wp\/v2\/media\/355789"}],"wp:attachment":[{"href":"https:\/\/www.pcnen.com\/portal\/wp-json\/wp\/v2\/media?parent=355788"}],"wp:term":[{"taxonomy":"category","embeddable":true,"href":"https:\/\/www.pcnen.com\/portal\/wp-json\/wp\/v2\/categories?post=355788"},{"taxonomy":"post_tag","embeddable":true,"href":"https:\/\/www.pcnen.com\/portal\/wp-json\/wp\/v2\/tags?post=355788"}],"curies":[{"name":"wp","href":"https:\/\/api.w.org\/{rel}","templated":true}]}}