{"id":355781,"date":"2022-09-23T11:10:31","date_gmt":"2022-09-23T09:10:31","guid":{"rendered":"https:\/\/www.pcnen.com\/portal\/?p=355781"},"modified":"2022-09-23T11:10:31","modified_gmt":"2022-09-23T09:10:31","slug":"odbjegli-skaljarac-vladan-mijuskovic-uhapsen-u-splitu","status":"publish","type":"post","link":"https:\/\/www.pcnen.com\/portal\/2022\/09\/23\/odbjegli-skaljarac-vladan-mijuskovic-uhapsen-u-splitu\/","title":{"rendered":"Odbjegli \u2018\u0160kaljarac\u2019 Vladan Miju\u0161kovi\u0107 uhap\u0161en u Splitu"},"content":{"rendered":"<p>Miju\u0161kovi\u0107, koji operativno va\u017ei za pripadnika \u0160kljaraskog klana du\u017ee vrijeme je bio u bjekstvu.<\/p>\n<p>Sumnjalo se da se krio na podru\u010dju Bosne i Hercegovine, a jutros je lociran i uhap\u0161en u Hrvatskoj.<\/p>\n<p>Miju\u0161kovi\u0107 se dovodio u vezu sa vi\u0161e krivi\u010dnih djela, a mediji su u maju objavili da se na\u0161ao na optu\u017enici zajedno sa Jovanom Vukoti\u0107em, navodnim vo\u0111om \u0161kljaraskog klana,koji je ubijen 8. septembra u Istanbulu, kao i sa Jovanom Mrvaljevi\u0107em, <a href=\"https:\/\/www.novostiplus.org\/bs\/una-u-splitu-uhapsen-odbjegli-skaljarac\/\">prenosi portal.<\/a><\/p>\n<p>Prema pisanju medija, optu\u017eeni su za stvaranje kriminalne organizacije koja je planirala vi\u0161e ubistava me\u0111u kojima su i likvidacije Veljka Belivuka zvanog Velja Nevolja, Marka Miljkovi\u0107a i Slobodana Ka\u0161\u0107elana\u2026<\/p>\n","protected":false},"excerpt":{"rendered":"<p>Dr\u017eavljanin Crne Gore, Vladan Miju\u0161kovi\u0107, uhap\u0161en je ju\u010de u Splitu na osnovu me\u0111unarodne potjernice koju je za njim raspisalo crnogorsko pravosu\u0111e zbog organizovanog kriminala, saznaje UNA, prenose novostiplus. org.<\/p>\n","protected":false},"author":1,"featured_media":337775,"comment_status":"open","ping_status":"closed","sticky":false,"template":"","format":"standard","meta":{"_seopress_robots_primary_cat":"","_seopress_titles_title":"","_seopress_titles_desc":"","_seopress_robots_index":"","_et_pb_use_builder":"","_et_pb_old_content":"","_et_gb_content_width":"","inline_featured_image":false,"footnotes":""},"categories":[14],"tags":[],"class_list":["post-355781","post","type-post","status-publish","format-standard","has-post-thumbnail","hentry","category-vijesti"],"_links":{"self":[{"href":"https:\/\/www.pcnen.com\/portal\/wp-json\/wp\/v2\/posts\/355781","targetHints":{"allow":["GET"]}}],"collection":[{"href":"https:\/\/www.pcnen.com\/portal\/wp-json\/wp\/v2\/posts"}],"about":[{"href":"https:\/\/www.pcnen.com\/portal\/wp-json\/wp\/v2\/types\/post"}],"author":[{"embeddable":true,"href":"https:\/\/www.pcnen.com\/portal\/wp-json\/wp\/v2\/users\/1"}],"replies":[{"embeddable":true,"href":"https:\/\/www.pcnen.com\/portal\/wp-json\/wp\/v2\/comments?post=355781"}],"version-history":[{"count":1,"href":"https:\/\/www.pcnen.com\/portal\/wp-json\/wp\/v2\/posts\/355781\/revisions"}],"predecessor-version":[{"id":355782,"href":"https:\/\/www.pcnen.com\/portal\/wp-json\/wp\/v2\/posts\/355781\/revisions\/355782"}],"wp:featuredmedia":[{"embeddable":true,"href":"https:\/\/www.pcnen.com\/portal\/wp-json\/wp\/v2\/media\/337775"}],"wp:attachment":[{"href":"https:\/\/www.pcnen.com\/portal\/wp-json\/wp\/v2\/media?parent=355781"}],"wp:term":[{"taxonomy":"category","embeddable":true,"href":"https:\/\/www.pcnen.com\/portal\/wp-json\/wp\/v2\/categories?post=355781"},{"taxonomy":"post_tag","embeddable":true,"href":"https:\/\/www.pcnen.com\/portal\/wp-json\/wp\/v2\/tags?post=355781"}],"curies":[{"name":"wp","href":"https:\/\/api.w.org\/{rel}","templated":true}]}}