{"id":355775,"date":"2022-09-23T09:18:52","date_gmt":"2022-09-23T07:18:52","guid":{"rendered":"https:\/\/www.pcnen.com\/portal\/?p=355775"},"modified":"2022-09-23T09:20:35","modified_gmt":"2022-09-23T07:20:35","slug":"lavrov-u-un-pitajte-kijev-da-objavi-imena-zrtava-iz-buce","status":"publish","type":"post","link":"https:\/\/www.pcnen.com\/portal\/2022\/09\/23\/lavrov-u-un-pitajte-kijev-da-objavi-imena-zrtava-iz-buce\/","title":{"rendered":"Lavrov u UN: Pitajte Kijev da objavi imena \u017ertava iz Bu\u010de"},"content":{"rendered":"<p>\u201eMolim vas, pitajte ukrajinske vlasti da preduzmu ovaj jednostavan korak i objave imena ljudi \u010dija su tijela razbacana po Bu\u010di. Tra\u017eio sam ovo mjesecima, ali niko ne \u017eeli da odgovori. Gospodine generalni sekretare, najmanje \u0161to biste mogli je da iskoristite svoj autoritet\u201c, rekao je Lavrov na sjednici Savjeta bezbjednosti UN o Ukrajini, prenijela je agencija TASS, a preuzeo Tanjug.<\/p>\n<p>Ukrajina je 3. aprila optu\u017eila ruske snage da su izvr\u0161ile masakr u Bu\u010di, kod Kijeva, a lokalne vlasti su saop\u0161tile da je ubijeno 419 ljudi.<\/p>\n<p>Lavrov je rekao da se tragedija u Bu\u010di dogodila dva dana nakon \u0161to su se ruski i ukrajinski pregovara\u010di skoro dogovorili u Istanbulu krajem marta.<\/p>\n<p>Ruski ministar tvrdi i da je tragedija \u201enedvosmisleno inscenirana\u201c.<\/p>\n<p>\u201eHtio bih da vam skrenem pa\u017enju na \u010dinjenicu da su na\u0161e zapadne kolege postale histeri\u010dne odmah nakon te prevare i uvele novi paket sankcija Rusiji, neosnovano nas optu\u017eju\u0107i da smo ubijali civile. Posljedice ove propagande su ispunile svoju svrhu, ali sada su svi, osim nas, \u010dini se, zaboravili na incident u Bu\u010di\u201c, rekao je Lavrov.<\/p>\n<blockquote><p><a href=\"https:\/\/www.pcnen.com\/portal\/?s=Bu%C4%8D\" target=\"_blank\" rel=\"noopener\">VEZANE VIJESTI<\/a><\/p><\/blockquote>\n","protected":false},"excerpt":{"rendered":"<p>Ruski ministar spoljnih poslova Sergej Lavrov je pozvao generalnog sekretara Ujedinjenih nacija Antonija Gutere\u0161a da od ukrajinskih vlasti tra\u017ei da objave spisak ljudi ubijenih u ukrajinskom gradu Bu\u010di.<\/p>\n","protected":false},"author":1,"featured_media":342336,"comment_status":"open","ping_status":"closed","sticky":false,"template":"","format":"standard","meta":{"_seopress_robots_primary_cat":"","_seopress_titles_title":"","_seopress_titles_desc":"","_seopress_robots_index":"","_et_pb_use_builder":"","_et_pb_old_content":"","_et_gb_content_width":"","inline_featured_image":false,"footnotes":""},"categories":[14],"tags":[1328,1168],"class_list":["post-355775","post","type-post","status-publish","format-standard","has-post-thumbnail","hentry","category-vijesti","tag-buca","tag-ukrajina"],"_links":{"self":[{"href":"https:\/\/www.pcnen.com\/portal\/wp-json\/wp\/v2\/posts\/355775","targetHints":{"allow":["GET"]}}],"collection":[{"href":"https:\/\/www.pcnen.com\/portal\/wp-json\/wp\/v2\/posts"}],"about":[{"href":"https:\/\/www.pcnen.com\/portal\/wp-json\/wp\/v2\/types\/post"}],"author":[{"embeddable":true,"href":"https:\/\/www.pcnen.com\/portal\/wp-json\/wp\/v2\/users\/1"}],"replies":[{"embeddable":true,"href":"https:\/\/www.pcnen.com\/portal\/wp-json\/wp\/v2\/comments?post=355775"}],"version-history":[{"count":3,"href":"https:\/\/www.pcnen.com\/portal\/wp-json\/wp\/v2\/posts\/355775\/revisions"}],"predecessor-version":[{"id":355778,"href":"https:\/\/www.pcnen.com\/portal\/wp-json\/wp\/v2\/posts\/355775\/revisions\/355778"}],"wp:featuredmedia":[{"embeddable":true,"href":"https:\/\/www.pcnen.com\/portal\/wp-json\/wp\/v2\/media\/342336"}],"wp:attachment":[{"href":"https:\/\/www.pcnen.com\/portal\/wp-json\/wp\/v2\/media?parent=355775"}],"wp:term":[{"taxonomy":"category","embeddable":true,"href":"https:\/\/www.pcnen.com\/portal\/wp-json\/wp\/v2\/categories?post=355775"},{"taxonomy":"post_tag","embeddable":true,"href":"https:\/\/www.pcnen.com\/portal\/wp-json\/wp\/v2\/tags?post=355775"}],"curies":[{"name":"wp","href":"https:\/\/api.w.org\/{rel}","templated":true}]}}