{"id":355772,"date":"2022-09-23T09:04:26","date_gmt":"2022-09-23T07:04:26","guid":{"rendered":"https:\/\/www.pcnen.com\/portal\/?p=355772"},"modified":"2022-09-23T09:05:20","modified_gmt":"2022-09-23T07:05:20","slug":"zanocili-u-ljetu-probudili-se-u-jeseni","status":"publish","type":"post","link":"https:\/\/www.pcnen.com\/portal\/2022\/09\/23\/zanocili-u-ljetu-probudili-se-u-jeseni\/","title":{"rendered":"Zano\u0107ili u ljetu, probudili se u jeseni"},"content":{"rendered":"<p>Jesen \u0107e trajati 89 dana, 20 sati i 44 minuta, a to je \u0161est minuta du\u017ee nego pro\u0161le godine.<\/p>\n<p>Na dan jesenje ravnodnevice obdanica i no\u0107 nisu jednake du\u017eine, jer Zemlja posjeduje atmosferu koja prividno uzdi\u017ee Sunce iznad horizonta, iako se ono geometrijski gledano nalazi ispod njega.<\/p>\n<p>Obdanica i no\u0107 \u0107e biti iste du\u017eine 26. septembra.<\/p>\n<p><a href=\"http:\/\/sunce.5deg.com\/me\/podgorica\/\" target=\"_blank\" rel=\"noopener\">Sunce je jutros u Podgorici iza\u0161lo u 06:31:18, a za\u0107i \u0107e u 18:39:20.<\/a><\/p>\n<p>&nbsp;<\/p>\n<p><iframe loading=\"lazy\" title=\"YouTube video player\" src=\"https:\/\/www.youtube.com\/embed\/H7hGiZ579cs\" width=\"560\" height=\"315\" frameborder=\"0\" allowfullscreen=\"allowfullscreen\"><\/iframe><\/p>\n","protected":false},"excerpt":{"rendered":"<p>Jesen je po\u010dela rano jutros u 03.03 sata u trenutku kada je Sunce bilo u ravni Zemljinog ekvatora, odnosno, kako ka\u017eu astronomi, kad po\u010dne da prelazi sa sjeverne na ju\u017enu nebesku populoptu.<\/p>\n","protected":false},"author":1,"featured_media":0,"comment_status":"open","ping_status":"closed","sticky":false,"template":"","format":"standard","meta":{"_seopress_robots_primary_cat":"","_seopress_titles_title":"","_seopress_titles_desc":"","_seopress_robots_index":"","_et_pb_use_builder":"","_et_pb_old_content":"","_et_gb_content_width":"","inline_featured_image":false,"footnotes":""},"categories":[14],"tags":[],"class_list":["post-355772","post","type-post","status-publish","format-standard","hentry","category-vijesti"],"_links":{"self":[{"href":"https:\/\/www.pcnen.com\/portal\/wp-json\/wp\/v2\/posts\/355772","targetHints":{"allow":["GET"]}}],"collection":[{"href":"https:\/\/www.pcnen.com\/portal\/wp-json\/wp\/v2\/posts"}],"about":[{"href":"https:\/\/www.pcnen.com\/portal\/wp-json\/wp\/v2\/types\/post"}],"author":[{"embeddable":true,"href":"https:\/\/www.pcnen.com\/portal\/wp-json\/wp\/v2\/users\/1"}],"replies":[{"embeddable":true,"href":"https:\/\/www.pcnen.com\/portal\/wp-json\/wp\/v2\/comments?post=355772"}],"version-history":[{"count":2,"href":"https:\/\/www.pcnen.com\/portal\/wp-json\/wp\/v2\/posts\/355772\/revisions"}],"predecessor-version":[{"id":355774,"href":"https:\/\/www.pcnen.com\/portal\/wp-json\/wp\/v2\/posts\/355772\/revisions\/355774"}],"wp:attachment":[{"href":"https:\/\/www.pcnen.com\/portal\/wp-json\/wp\/v2\/media?parent=355772"}],"wp:term":[{"taxonomy":"category","embeddable":true,"href":"https:\/\/www.pcnen.com\/portal\/wp-json\/wp\/v2\/categories?post=355772"},{"taxonomy":"post_tag","embeddable":true,"href":"https:\/\/www.pcnen.com\/portal\/wp-json\/wp\/v2\/tags?post=355772"}],"curies":[{"name":"wp","href":"https:\/\/api.w.org\/{rel}","templated":true}]}}