{"id":355749,"date":"2022-09-22T19:33:32","date_gmt":"2022-09-22T17:33:32","guid":{"rendered":"https:\/\/www.pcnen.com\/portal\/?p=355749"},"modified":"2022-09-22T19:33:32","modified_gmt":"2022-09-22T17:33:32","slug":"pretezno-suncano-najvisa-dnevna-do-24-stepena","status":"publish","type":"post","link":"https:\/\/www.pcnen.com\/portal\/2022\/09\/22\/pretezno-suncano-najvisa-dnevna-do-24-stepena\/","title":{"rendered":"Prete\u017eno sun\u010dano, najvi\u0161a dnevna do 24 stepena"},"content":{"rendered":"<p>Vjetar slab do umjeren mijenja\u0107e smjer; u jutarnjim satima, na jugoistoku zemlje, duva\u0107e umjeren do poja\u010dan sjeveroisto\u010dnjak.<\/p>\n<p>Jutarnja temperatura vazduha bi\u0107e u rasponu od -1 do 14, a najvi\u0161a dnevna od 11 do 24 stepena.<\/p>\n<p>U Podgorici bi\u0107e prete\u017eno sun\u010dano.<\/p>\n<p>Vjetar promjenljivog smjera bi\u0107e slab do umjeren.<\/p>\n<p>Jutarnja temperatura vazduha bi\u0107e oko 12, a najvi\u0161a dnevna do 24 stepena.<\/p>\n<p><a href=\"http:\/\/www.meteo.co.me\/page.php?id=31\" target=\"_blank\" rel=\"noopener\">Ra\u010dunarska prognoza.<\/a><\/p>\n","protected":false},"excerpt":{"rendered":"<p>Na sjeveru Crne Gore \u0107e tokom prijepodneva obla\u010dnost biti pove\u0107ana, a po kotlinama bi\u0107e magla.<\/p>\n","protected":false},"author":1,"featured_media":270971,"comment_status":"open","ping_status":"closed","sticky":false,"template":"","format":"standard","meta":{"_seopress_robots_primary_cat":"","_seopress_titles_title":"","_seopress_titles_desc":"","_seopress_robots_index":"","_et_pb_use_builder":"","_et_pb_old_content":"","_et_gb_content_width":"","inline_featured_image":false,"footnotes":""},"categories":[14],"tags":[],"class_list":["post-355749","post","type-post","status-publish","format-standard","has-post-thumbnail","hentry","category-vijesti"],"_links":{"self":[{"href":"https:\/\/www.pcnen.com\/portal\/wp-json\/wp\/v2\/posts\/355749","targetHints":{"allow":["GET"]}}],"collection":[{"href":"https:\/\/www.pcnen.com\/portal\/wp-json\/wp\/v2\/posts"}],"about":[{"href":"https:\/\/www.pcnen.com\/portal\/wp-json\/wp\/v2\/types\/post"}],"author":[{"embeddable":true,"href":"https:\/\/www.pcnen.com\/portal\/wp-json\/wp\/v2\/users\/1"}],"replies":[{"embeddable":true,"href":"https:\/\/www.pcnen.com\/portal\/wp-json\/wp\/v2\/comments?post=355749"}],"version-history":[{"count":1,"href":"https:\/\/www.pcnen.com\/portal\/wp-json\/wp\/v2\/posts\/355749\/revisions"}],"predecessor-version":[{"id":355750,"href":"https:\/\/www.pcnen.com\/portal\/wp-json\/wp\/v2\/posts\/355749\/revisions\/355750"}],"wp:featuredmedia":[{"embeddable":true,"href":"https:\/\/www.pcnen.com\/portal\/wp-json\/wp\/v2\/media\/270971"}],"wp:attachment":[{"href":"https:\/\/www.pcnen.com\/portal\/wp-json\/wp\/v2\/media?parent=355749"}],"wp:term":[{"taxonomy":"category","embeddable":true,"href":"https:\/\/www.pcnen.com\/portal\/wp-json\/wp\/v2\/categories?post=355749"},{"taxonomy":"post_tag","embeddable":true,"href":"https:\/\/www.pcnen.com\/portal\/wp-json\/wp\/v2\/tags?post=355749"}],"curies":[{"name":"wp","href":"https:\/\/api.w.org\/{rel}","templated":true}]}}