{"id":355741,"date":"2022-09-22T16:38:33","date_gmt":"2022-09-22T14:38:33","guid":{"rendered":"https:\/\/www.pcnen.com\/portal\/?p=355741"},"modified":"2022-09-22T17:53:56","modified_gmt":"2022-09-22T15:53:56","slug":"kolegijum-bez-saglasnosti-o-dukanovicevom-zahtjevu","status":"publish","type":"post","link":"https:\/\/www.pcnen.com\/portal\/2022\/09\/22\/kolegijum-bez-saglasnosti-o-dukanovicevom-zahtjevu\/","title":{"rendered":"Kolegijum bez saglasnosti o \u0110ukanovi\u0107evom zahtjevu"},"content":{"rendered":"<p>Predsjednica Skup\u0161tine Crne Gore Danijela \u0110urovi\u0107 odlu\u010di\u0107e sama o datumu odr\u017eavanju sjednice na kojoj bi se odlu\u010divalo o zahtjevu predsjednika Crne Gore da se izglasa skra\u0107enje mandata dr\u017eavnom parlamentu. Ve\u0107ina \u010dlanova kolegijuma danas nije bila saglasna o tome da li postoje uslovi da parlament raspravlja o ovoj inicijativi.<\/p>\n<p>Nakon sjednice poslanik Demokratskog fronta (DF) Slaven Radunovi\u0107 kazao je da predsjednik Crne Gore Milo \u0110ukanovi\u0107 uz zahtjev za sazivanje vanredne sjednice parlamenta na kojoj bi se raspravljalo o skra\u0107enju mandata Skup\u0161tini nije dostavio predlog odluke o kojoj treba da se glasa.<\/p>\n<p>On je novinarima, nakon sjednice Kolegijuma Skup\u0161tine, rekao da ve\u0107ina \u010dlanova Kolegijuma smatra da je napravljena proceduralna gre\u0161ka jer \u0110ukanovi\u0107 nije dostavio predlog odluke o kojoj treba da se glasa.<\/p>\n<p>\u201eKada je bilo slu\u010dajeva da se glasa o skra\u0107enju mandata, predlaga\u010di su uvijek prilagali i odluku koja defini\u0161e sve, do kada traje mandat, kada se objavljuje u Slu\u017ebenom listu\u201c, naveo je Radunovi\u0107, prenosi Mina.<\/p>\n<p>On je kazao da zbog toga misle da \u0110ukanovi\u0107 treba da obnovi zahtjev na na\u010din da bude uredan.<\/p>\n<p>Radunovi\u0107 je, govore\u0107i o datumu odr\u017eavanja sjednice, poru\u010dio da \u0110ukanovi\u0107 mo\u017ee da tra\u017ei i kra\u0107i rok.<\/p>\n<p>\u201eJedino ko se protivio ovakvom stavu je Danijel \u017divkovi\u0107 iz Demokratske partije socijalista. Nije bilo konsenzusa, pa \u0107e o ovome morati da odlu\u010di predsjednica Skup\u0161tine Danijela \u0110urovi\u0107\u201c, rekao je Radunovi\u0107.<\/p>\n<p>On je dodao da su na dana\u0161njoj sjednici Kolegijuma, pored uobi\u010dajenih stvari, najvi\u0161e vremena potro\u0161ili na zahtjev \u0110ukanovi\u0107a o vanrednoj sjednici.<\/p>\n<p>&nbsp;<\/p>\n<blockquote class=\"wp-embedded-content\" data-secret=\"Wx5qRpFNNC\"><p><a href=\"https:\/\/www.pcnen.com\/portal\/2022\/09\/21\/durovic-za-sjutra-zakazala-kolegijum-raspravljace-se-o-inicijativi-dukanovica\/\">\u0110urovi\u0107 za sjutra zakazala Kolegijum, raspravlja\u0107e se o inicijativi \u0110ukanovi\u0107a<\/a><\/p><\/blockquote>\n<p><iframe loading=\"lazy\" class=\"wp-embedded-content\" sandbox=\"allow-scripts\" security=\"restricted\" style=\"position: absolute; clip: rect(1px, 1px, 1px, 1px);\" title=\"&#8220;\u0110urovi\u0107 za sjutra zakazala Kolegijum, raspravlja\u0107e se o inicijativi \u0110ukanovi\u0107a&#8221; &#8212; PCNEN\" src=\"https:\/\/www.pcnen.com\/portal\/2022\/09\/21\/durovic-za-sjutra-zakazala-kolegijum-raspravljace-se-o-inicijativi-dukanovica\/embed\/#?secret=jSD1pMuxaF#?secret=Wx5qRpFNNC\" data-secret=\"Wx5qRpFNNC\" width=\"600\" height=\"338\" frameborder=\"0\" marginwidth=\"0\" marginheight=\"0\" scrolling=\"no\"><\/iframe><\/p>\n","protected":false},"excerpt":{"rendered":"<p>\u201cNa dana\u0161njoj sjednici kolegijuma pored uobi\u010dajenih stvari najvi\u0161e vremena smo potro\u0161ili na zahtjev predsjednika dr\u017eave Mila \u0110ukanovi\u0107a da se odr\u017ei vanredna sjednica na kojoj bi\u00a0se razmatrala odluke o skra\u0107enju mandata Skup\u0161tini\u201d, poru\u010dio je poslanik Demokratskog fronta (DF) Slaven Radunovi\u0107.<\/p>\n","protected":false},"author":1,"featured_media":280893,"comment_status":"open","ping_status":"closed","sticky":false,"template":"","format":"standard","meta":{"_seopress_robots_primary_cat":"","_seopress_titles_title":"","_seopress_titles_desc":"","_seopress_robots_index":"","_et_pb_use_builder":"","_et_pb_old_content":"","_et_gb_content_width":"","inline_featured_image":false,"footnotes":""},"categories":[14],"tags":[],"class_list":["post-355741","post","type-post","status-publish","format-standard","has-post-thumbnail","hentry","category-vijesti"],"_links":{"self":[{"href":"https:\/\/www.pcnen.com\/portal\/wp-json\/wp\/v2\/posts\/355741","targetHints":{"allow":["GET"]}}],"collection":[{"href":"https:\/\/www.pcnen.com\/portal\/wp-json\/wp\/v2\/posts"}],"about":[{"href":"https:\/\/www.pcnen.com\/portal\/wp-json\/wp\/v2\/types\/post"}],"author":[{"embeddable":true,"href":"https:\/\/www.pcnen.com\/portal\/wp-json\/wp\/v2\/users\/1"}],"replies":[{"embeddable":true,"href":"https:\/\/www.pcnen.com\/portal\/wp-json\/wp\/v2\/comments?post=355741"}],"version-history":[{"count":3,"href":"https:\/\/www.pcnen.com\/portal\/wp-json\/wp\/v2\/posts\/355741\/revisions"}],"predecessor-version":[{"id":355748,"href":"https:\/\/www.pcnen.com\/portal\/wp-json\/wp\/v2\/posts\/355741\/revisions\/355748"}],"wp:featuredmedia":[{"embeddable":true,"href":"https:\/\/www.pcnen.com\/portal\/wp-json\/wp\/v2\/media\/280893"}],"wp:attachment":[{"href":"https:\/\/www.pcnen.com\/portal\/wp-json\/wp\/v2\/media?parent=355741"}],"wp:term":[{"taxonomy":"category","embeddable":true,"href":"https:\/\/www.pcnen.com\/portal\/wp-json\/wp\/v2\/categories?post=355741"},{"taxonomy":"post_tag","embeddable":true,"href":"https:\/\/www.pcnen.com\/portal\/wp-json\/wp\/v2\/tags?post=355741"}],"curies":[{"name":"wp","href":"https:\/\/api.w.org\/{rel}","templated":true}]}}