{"id":355726,"date":"2022-09-22T12:37:39","date_gmt":"2022-09-22T10:37:39","guid":{"rendered":"https:\/\/www.pcnen.com\/portal\/?p=355726"},"modified":"2022-09-22T12:41:00","modified_gmt":"2022-09-22T10:41:00","slug":"krivokapic-najbolja-zastita-drzave-je-majka-bozja-video","status":"publish","type":"post","link":"https:\/\/www.pcnen.com\/portal\/2022\/09\/22\/krivokapic-najbolja-zastita-drzave-je-majka-bozja-video\/","title":{"rendered":"Krivokapi\u0107: Najbolja za\u0161tita dr\u017eave je \u2018majka Bo\u017eja\u2019 (video)"},"content":{"rendered":"<p>Govore\u0107i o za\u0161titnom znaku pokreta, Krivokapi\u0107 je na dana\u0161njoj konferenciji za medije o osnivanju Demohri\u0161\u0107anskog pokreta u Crnoj Gori kazao da znak na vrhu loga ima Bogorodi\u010din cvijet, a najbolja za\u0161tita dr\u017eave je ako je \u010duva &#8220;majka Bo\u017eja&#8221;.<\/p>\n<p>&#8220;\u017delimo druga\u010diji pristup demokratiji&#8221;,rekao je on.<\/p>\n<p>Istakao je da \u017eele da sistem vrijednosti upodobe tako da etika, zasnovana na tradicionalnim vrijednostima, bude iznad svega.<\/p>\n<p>Govore\u0107i o aktuelnim politi\u010dkim de\u0161avanjima, rekao je da je Vlada neustavna, a da je sad na sceni igra manipulatora.<\/p>\n<p>&#8220;Da je neko \u017eelio da sa\u010duva izbornu volju, dali bi potpise za mandatara na vrijeme. \u010cuo sam prije \u010detiri mjeseca da \u0107e ova Vlada da vlada do izbora, koji \u0107e biti na prolje\u0107e. Vidje\u0107emo da li \u0107e biti tako&#8221;, rekao je Krivokapi\u0107, prenosi portal Vijesti.<\/p>\n<p>On je rekao da \u017eele da preobraze u korist gra\u0111ana politi\u010dku sliku Crne Gore.<\/p>\n<p>&#8220;\u017delimo prosperitet. Svu pa\u017enju \u0107emo usmjeriti da planska ekonomija bude mjera dr\u017eave. Vidite da se Crnom Gorom bave drugi, a ne mi. Crna Gora je moja dr\u017eava, brinem za njenu budu\u0107nost&#8221;, kazao je Krivokapi\u0107.<\/p>\n<p>On je istakao da su im saveznici oni koji su istinski podr\u017eavali 42. Vladu.<\/p>\n<p>&nbsp;<\/p>\n<p><iframe loading=\"lazy\" style=\"border: none; overflow: hidden;\" src=\"https:\/\/www.facebook.com\/plugins\/video.php?height=314&amp;href=https%3A%2F%2Fwww.facebook.com%2Fdemohriscanski%2Fvideos%2F795468285212233%2F&amp;show_text=false&amp;width=560&amp;t=0\" width=\"560\" height=\"314\" frameborder=\"0\" scrolling=\"no\" allowfullscreen=\"allowfullscreen\"><\/iframe><\/p>\n<p>&nbsp;<\/p>\n<blockquote class=\"wp-embedded-content\" data-secret=\"CuO3G9adxr\"><p><a href=\"https:\/\/www.pcnen.com\/portal\/2022\/08\/23\/bivsi-premijer-i-bivsi-sef-anb-osnivaju-partiju\/\">Biv\u0161i premijer i biv\u0161i \u0161ef ANB osnivaju partiju?<\/a><\/p><\/blockquote>\n<p><iframe loading=\"lazy\" class=\"wp-embedded-content\" sandbox=\"allow-scripts\" security=\"restricted\" style=\"position: absolute; clip: rect(1px, 1px, 1px, 1px);\" title=\"&#8220;Biv\u0161i premijer i biv\u0161i \u0161ef ANB osnivaju partiju?&#8221; &#8212; PCNEN\" src=\"https:\/\/www.pcnen.com\/portal\/2022\/08\/23\/bivsi-premijer-i-bivsi-sef-anb-osnivaju-partiju\/embed\/#?secret=uWJr3KWwSj#?secret=CuO3G9adxr\" data-secret=\"CuO3G9adxr\" width=\"600\" height=\"338\" frameborder=\"0\" marginwidth=\"0\" marginheight=\"0\" scrolling=\"no\"><\/iframe><\/p>\n","protected":false},"excerpt":{"rendered":"<p>Biv\u0161i premijer Zdravko Krivokapi\u0107 kazao je da je motiv za osnivanje Demohri\u0161\u0107anskog pokreta u Crnoj Gori, \u010diji je jedan od lidera, brojno interesovanje gra\u0111ana.<\/p>\n","protected":false},"author":1,"featured_media":355727,"comment_status":"open","ping_status":"closed","sticky":false,"template":"","format":"standard","meta":{"_seopress_robots_primary_cat":"","_seopress_titles_title":"","_seopress_titles_desc":"","_seopress_robots_index":"","_et_pb_use_builder":"","_et_pb_old_content":"","_et_gb_content_width":"","inline_featured_image":false,"footnotes":""},"categories":[14],"tags":[],"class_list":["post-355726","post","type-post","status-publish","format-standard","has-post-thumbnail","hentry","category-vijesti"],"_links":{"self":[{"href":"https:\/\/www.pcnen.com\/portal\/wp-json\/wp\/v2\/posts\/355726","targetHints":{"allow":["GET"]}}],"collection":[{"href":"https:\/\/www.pcnen.com\/portal\/wp-json\/wp\/v2\/posts"}],"about":[{"href":"https:\/\/www.pcnen.com\/portal\/wp-json\/wp\/v2\/types\/post"}],"author":[{"embeddable":true,"href":"https:\/\/www.pcnen.com\/portal\/wp-json\/wp\/v2\/users\/1"}],"replies":[{"embeddable":true,"href":"https:\/\/www.pcnen.com\/portal\/wp-json\/wp\/v2\/comments?post=355726"}],"version-history":[{"count":3,"href":"https:\/\/www.pcnen.com\/portal\/wp-json\/wp\/v2\/posts\/355726\/revisions"}],"predecessor-version":[{"id":355730,"href":"https:\/\/www.pcnen.com\/portal\/wp-json\/wp\/v2\/posts\/355726\/revisions\/355730"}],"wp:featuredmedia":[{"embeddable":true,"href":"https:\/\/www.pcnen.com\/portal\/wp-json\/wp\/v2\/media\/355727"}],"wp:attachment":[{"href":"https:\/\/www.pcnen.com\/portal\/wp-json\/wp\/v2\/media?parent=355726"}],"wp:term":[{"taxonomy":"category","embeddable":true,"href":"https:\/\/www.pcnen.com\/portal\/wp-json\/wp\/v2\/categories?post=355726"},{"taxonomy":"post_tag","embeddable":true,"href":"https:\/\/www.pcnen.com\/portal\/wp-json\/wp\/v2\/tags?post=355726"}],"curies":[{"name":"wp","href":"https:\/\/api.w.org\/{rel}","templated":true}]}}