{"id":355717,"date":"2022-09-22T11:23:03","date_gmt":"2022-09-22T09:23:03","guid":{"rendered":"https:\/\/www.pcnen.com\/portal\/?p=355717"},"modified":"2022-09-22T11:30:27","modified_gmt":"2022-09-22T09:30:27","slug":"vulin-zabranicemo-ulazak-u-srbiju-pojedinim-ucesnicima-europrajda","status":"publish","type":"post","link":"https:\/\/www.pcnen.com\/portal\/2022\/09\/22\/vulin-zabranicemo-ulazak-u-srbiju-pojedinim-ucesnicima-europrajda\/","title":{"rendered":"Vulin: Zabrani\u0107emo ulazak u Srbiju pojedinim u\u010desnicima Europrajda"},"content":{"rendered":"<p>Kako je naveo, odre\u0111enom broju lica izda\u0107e zabranu ulaska u Srbiju.<\/p>\n<p>&#8220;Znamo ko su, znamo odakle su, znamo iz kojih su zemalja. Postoji pravni put da se do\u0111e do njih i mi \u0107emo krenuti tim pravnim putem&#8221;, kazao je Vulin za TV Pink, komentari\u0161u\u0107i fotografije nastale ispred crkve Svetog Marka u Beogradu tokom Europrajda.<\/p>\n<p>Govore\u0107i o tome \u0161to je izvjestilac Evropskog parlamenta Vladimir Bil\u010dik u\u010destvovao na Europrajdu i pozivao na njegovo odr\u017eavanje uprkos prvobitnoj zabrani policije, Vulin ocjenjuje da to &#8220;nije bilo nimalo politi\u010dki ukusno&#8221;.<\/p>\n<p>&nbsp;<\/p>\n<blockquote class=\"wp-embedded-content\" data-secret=\"exLE3lzBez\"><p><a href=\"https:\/\/www.pcnen.com\/portal\/2022\/09\/17\/vulin-nismo-dozvolili-europrajd-vec-sprovodenje-do-koncerta\/\">Vulin: Nismo dozvolili Europrajd, ve\u0107 sprovo\u0111enje do koncerta<\/a><\/p><\/blockquote>\n<p><iframe loading=\"lazy\" class=\"wp-embedded-content\" sandbox=\"allow-scripts\" security=\"restricted\" style=\"position: absolute; clip: rect(1px, 1px, 1px, 1px);\" title=\"&#8220;Vulin: Nismo dozvolili Europrajd, ve\u0107 sprovo\u0111enje do koncerta&#8221; &#8212; PCNEN\" src=\"https:\/\/www.pcnen.com\/portal\/2022\/09\/17\/vulin-nismo-dozvolili-europrajd-vec-sprovodenje-do-koncerta\/embed\/#?secret=MhI4xWSwS7#?secret=exLE3lzBez\" data-secret=\"exLE3lzBez\" width=\"600\" height=\"338\" frameborder=\"0\" marginwidth=\"0\" marginheight=\"0\" scrolling=\"no\"><\/iframe><\/p>\n","protected":false},"excerpt":{"rendered":"<p>Ministar unutra\u0161njih poslova Aleksandar Vulin najavio je da \u0107e danas ili sjutra podnijeti krivi\u010dne prijave protiv nekih u\u010desnika manifestacije Europrajd u Beogradu.<\/p>\n","protected":false},"author":1,"featured_media":349040,"comment_status":"open","ping_status":"closed","sticky":false,"template":"","format":"standard","meta":{"_seopress_robots_primary_cat":"","_seopress_titles_title":"","_seopress_titles_desc":"","_seopress_robots_index":"","_et_pb_use_builder":"","_et_pb_old_content":"","_et_gb_content_width":"","inline_featured_image":false,"footnotes":""},"categories":[14],"tags":[],"class_list":["post-355717","post","type-post","status-publish","format-standard","has-post-thumbnail","hentry","category-vijesti"],"_links":{"self":[{"href":"https:\/\/www.pcnen.com\/portal\/wp-json\/wp\/v2\/posts\/355717","targetHints":{"allow":["GET"]}}],"collection":[{"href":"https:\/\/www.pcnen.com\/portal\/wp-json\/wp\/v2\/posts"}],"about":[{"href":"https:\/\/www.pcnen.com\/portal\/wp-json\/wp\/v2\/types\/post"}],"author":[{"embeddable":true,"href":"https:\/\/www.pcnen.com\/portal\/wp-json\/wp\/v2\/users\/1"}],"replies":[{"embeddable":true,"href":"https:\/\/www.pcnen.com\/portal\/wp-json\/wp\/v2\/comments?post=355717"}],"version-history":[{"count":2,"href":"https:\/\/www.pcnen.com\/portal\/wp-json\/wp\/v2\/posts\/355717\/revisions"}],"predecessor-version":[{"id":355719,"href":"https:\/\/www.pcnen.com\/portal\/wp-json\/wp\/v2\/posts\/355717\/revisions\/355719"}],"wp:featuredmedia":[{"embeddable":true,"href":"https:\/\/www.pcnen.com\/portal\/wp-json\/wp\/v2\/media\/349040"}],"wp:attachment":[{"href":"https:\/\/www.pcnen.com\/portal\/wp-json\/wp\/v2\/media?parent=355717"}],"wp:term":[{"taxonomy":"category","embeddable":true,"href":"https:\/\/www.pcnen.com\/portal\/wp-json\/wp\/v2\/categories?post=355717"},{"taxonomy":"post_tag","embeddable":true,"href":"https:\/\/www.pcnen.com\/portal\/wp-json\/wp\/v2\/tags?post=355717"}],"curies":[{"name":"wp","href":"https:\/\/api.w.org\/{rel}","templated":true}]}}