{"id":355714,"date":"2022-09-22T11:04:03","date_gmt":"2022-09-22T09:04:03","guid":{"rendered":"https:\/\/www.pcnen.com\/portal\/?p=355714"},"modified":"2022-09-22T11:04:03","modified_gmt":"2022-09-22T09:04:03","slug":"zasijeda-crnogorska-vlada-uzivo-2","status":"publish","type":"post","link":"https:\/\/www.pcnen.com\/portal\/2022\/09\/22\/zasijeda-crnogorska-vlada-uzivo-2\/","title":{"rendered":"Zasijeda crnogorska Vlada (u\u017eivo)"},"content":{"rendered":"<p>Na dnevnom redu je i Izvje\u0161taj o radu Komisije za pra\u0107enje postupanja nadle\u017enih organa u istragama slu\u010dajeva prijetnji i nasilja nad novinarima, ubistva novinara i napada na imovinu medija, za period od 10. februara 2022. do 23. juna 2022.<\/p>\n<p><iframe loading=\"lazy\" title=\"YouTube video player\" src=\"https:\/\/www.youtube.com\/embed\/_ZNa-Ct_rvI\" width=\"560\" height=\"315\" frameborder=\"0\" allowfullscreen=\"allowfullscreen\"><\/iframe><\/p>\n","protected":false},"excerpt":{"rendered":"<p>Vlada \u0107e danas razmatrati Predlog uredbe o dopuni Uredbe o organizaciji i na\u010dinu rada dr\u017eavne uprave, kao i o Predlogu odluke o izmjeni Odluke o organizacijsko-formacijskoj strukturi i veli\u010dini Vojske Crne Gore.<\/p>\n","protected":false},"author":1,"featured_media":345243,"comment_status":"open","ping_status":"closed","sticky":false,"template":"","format":"standard","meta":{"_seopress_robots_primary_cat":"","_seopress_titles_title":"","_seopress_titles_desc":"","_seopress_robots_index":"","_et_pb_use_builder":"","_et_pb_old_content":"","_et_gb_content_width":"","inline_featured_image":false,"footnotes":""},"categories":[14],"tags":[],"class_list":["post-355714","post","type-post","status-publish","format-standard","has-post-thumbnail","hentry","category-vijesti"],"_links":{"self":[{"href":"https:\/\/www.pcnen.com\/portal\/wp-json\/wp\/v2\/posts\/355714","targetHints":{"allow":["GET"]}}],"collection":[{"href":"https:\/\/www.pcnen.com\/portal\/wp-json\/wp\/v2\/posts"}],"about":[{"href":"https:\/\/www.pcnen.com\/portal\/wp-json\/wp\/v2\/types\/post"}],"author":[{"embeddable":true,"href":"https:\/\/www.pcnen.com\/portal\/wp-json\/wp\/v2\/users\/1"}],"replies":[{"embeddable":true,"href":"https:\/\/www.pcnen.com\/portal\/wp-json\/wp\/v2\/comments?post=355714"}],"version-history":[{"count":1,"href":"https:\/\/www.pcnen.com\/portal\/wp-json\/wp\/v2\/posts\/355714\/revisions"}],"predecessor-version":[{"id":355715,"href":"https:\/\/www.pcnen.com\/portal\/wp-json\/wp\/v2\/posts\/355714\/revisions\/355715"}],"wp:featuredmedia":[{"embeddable":true,"href":"https:\/\/www.pcnen.com\/portal\/wp-json\/wp\/v2\/media\/345243"}],"wp:attachment":[{"href":"https:\/\/www.pcnen.com\/portal\/wp-json\/wp\/v2\/media?parent=355714"}],"wp:term":[{"taxonomy":"category","embeddable":true,"href":"https:\/\/www.pcnen.com\/portal\/wp-json\/wp\/v2\/categories?post=355714"},{"taxonomy":"post_tag","embeddable":true,"href":"https:\/\/www.pcnen.com\/portal\/wp-json\/wp\/v2\/tags?post=355714"}],"curies":[{"name":"wp","href":"https:\/\/api.w.org\/{rel}","templated":true}]}}