{"id":355706,"date":"2022-09-22T08:27:41","date_gmt":"2022-09-22T06:27:41","guid":{"rendered":"https:\/\/www.pcnen.com\/portal\/?p=355706"},"modified":"2022-09-22T08:27:41","modified_gmt":"2022-09-22T06:27:41","slug":"glad-prijeti-diljem-svijeta","status":"publish","type":"post","link":"https:\/\/www.pcnen.com\/portal\/2022\/09\/22\/glad-prijeti-diljem-svijeta\/","title":{"rendered":"Glad prijeti diljem svijeta"},"content":{"rendered":"<p>Lokalni sukobi i ekstremni vremenski uslovi ostaju primarni pokreta\u010di gladi koju ove godine pogor\u0161ava i ekonomska nestabilnost povezana s posljedicama pandemije covida-19 i rusko-ukrajinskog rata.<\/p>\n<p>Prema FAO-ovom tromjese\u010dnom izvje\u0161taju o \u2018\u017eari\u0161tima gladi\u2019, \u010diji je koautor UN-ov Svjetski program za hranu (WFP), visoke cijene hrane, goriva i \u0111ubriva prisilile su napredne svjetske ekonomije na poo\u0161travanje monetarne politike. To je pove\u0107alo cijenu kredita za zemlje s niskim dohotkom, ograni\u010davaju\u0107i njihov uvoz i prisiljavaju\u0107i ih na uvo\u0111enje mjera \u0161tednje.<\/p>\n","protected":false},"excerpt":{"rendered":"<p>Gotovo milion stanovnika Avganistana, Etiopije, Ju\u017enog Sudana, Somalije i Jemena gladuje ili \u0107e se, u nedostatku pomo\u0107i izvana, s gla\u0111u suo\u010diti ove godine, dok se istovremeno globalna kriza s hranom pogor\u0161ava, upozorile su agencije Ujedinjenih nacija.<\/p>\n","protected":false},"author":1,"featured_media":286731,"comment_status":"open","ping_status":"closed","sticky":false,"template":"","format":"standard","meta":{"_seopress_robots_primary_cat":"","_seopress_titles_title":"","_seopress_titles_desc":"","_seopress_robots_index":"","_et_pb_use_builder":"","_et_pb_old_content":"","_et_gb_content_width":"","inline_featured_image":false,"footnotes":""},"categories":[14],"tags":[],"class_list":["post-355706","post","type-post","status-publish","format-standard","has-post-thumbnail","hentry","category-vijesti"],"_links":{"self":[{"href":"https:\/\/www.pcnen.com\/portal\/wp-json\/wp\/v2\/posts\/355706","targetHints":{"allow":["GET"]}}],"collection":[{"href":"https:\/\/www.pcnen.com\/portal\/wp-json\/wp\/v2\/posts"}],"about":[{"href":"https:\/\/www.pcnen.com\/portal\/wp-json\/wp\/v2\/types\/post"}],"author":[{"embeddable":true,"href":"https:\/\/www.pcnen.com\/portal\/wp-json\/wp\/v2\/users\/1"}],"replies":[{"embeddable":true,"href":"https:\/\/www.pcnen.com\/portal\/wp-json\/wp\/v2\/comments?post=355706"}],"version-history":[{"count":1,"href":"https:\/\/www.pcnen.com\/portal\/wp-json\/wp\/v2\/posts\/355706\/revisions"}],"predecessor-version":[{"id":355707,"href":"https:\/\/www.pcnen.com\/portal\/wp-json\/wp\/v2\/posts\/355706\/revisions\/355707"}],"wp:featuredmedia":[{"embeddable":true,"href":"https:\/\/www.pcnen.com\/portal\/wp-json\/wp\/v2\/media\/286731"}],"wp:attachment":[{"href":"https:\/\/www.pcnen.com\/portal\/wp-json\/wp\/v2\/media?parent=355706"}],"wp:term":[{"taxonomy":"category","embeddable":true,"href":"https:\/\/www.pcnen.com\/portal\/wp-json\/wp\/v2\/categories?post=355706"},{"taxonomy":"post_tag","embeddable":true,"href":"https:\/\/www.pcnen.com\/portal\/wp-json\/wp\/v2\/tags?post=355706"}],"curies":[{"name":"wp","href":"https:\/\/api.w.org\/{rel}","templated":true}]}}