{"id":355689,"date":"2022-09-21T20:59:52","date_gmt":"2022-09-21T18:59:52","guid":{"rendered":"https:\/\/www.pcnen.com\/portal\/?p=355689"},"modified":"2022-09-21T20:59:52","modified_gmt":"2022-09-21T18:59:52","slug":"najvisa-dnevna-temperatura-do-24-stepena","status":"publish","type":"post","link":"https:\/\/www.pcnen.com\/portal\/2022\/09\/21\/najvisa-dnevna-temperatura-do-24-stepena\/","title":{"rendered":"Najvi\u0161a dnevna temperatura do 24 stepena"},"content":{"rendered":"<p>U ju\u017enim i centralnim krajevima Crne Gore bi\u0107e sun\u010dano, uz povremeno malu ili umjerenu obla\u010dnost.<\/p>\n<p>Na sjeveru zemlje bi\u0107e umjereno do prete\u017eno obla\u010dno i uglavnom suvo. Tokom jutra bi\u0107e po kotlinama mogu\u0107a i kratkotrajno magla.<\/p>\n<p>Jutarnja temperatura vazduha bi\u0107e u rasponu od 3 do 16, a najvi\u0161a dnevna od 8 do 24 stepena.<\/p>\n<p>U Podgorici bi\u0107e prete\u017eno sun\u010dano.<\/p>\n<p>Vjetar sjeverni i sjeveroisto\u010dni bi\u0107e povremeno umjeren do poja\u010dan.<\/p>\n<p>Jutarnja temperatura vazduha bi\u0107e oko 14, a najvi\u0161a dnevna do 23 stepena.<\/p>\n<p><a href=\"http:\/\/www.meteo.co.me\/page.php?id=31\" target=\"_blank\" rel=\"noopener\">Ra\u010dunarska prognoza.<\/a><\/p>\n","protected":false},"excerpt":{"rendered":"<p>Vjetar sa sjevera bi\u0107e mjestimi\u010dno umjeren do poja\u010dan, ali \u0107e tokom dana slabiti.<\/p>\n","protected":false},"author":1,"featured_media":320447,"comment_status":"open","ping_status":"closed","sticky":false,"template":"","format":"standard","meta":{"_seopress_robots_primary_cat":"","_seopress_titles_title":"","_seopress_titles_desc":"","_seopress_robots_index":"","_et_pb_use_builder":"","_et_pb_old_content":"","_et_gb_content_width":"","inline_featured_image":false,"footnotes":""},"categories":[14],"tags":[],"class_list":["post-355689","post","type-post","status-publish","format-standard","has-post-thumbnail","hentry","category-vijesti"],"_links":{"self":[{"href":"https:\/\/www.pcnen.com\/portal\/wp-json\/wp\/v2\/posts\/355689","targetHints":{"allow":["GET"]}}],"collection":[{"href":"https:\/\/www.pcnen.com\/portal\/wp-json\/wp\/v2\/posts"}],"about":[{"href":"https:\/\/www.pcnen.com\/portal\/wp-json\/wp\/v2\/types\/post"}],"author":[{"embeddable":true,"href":"https:\/\/www.pcnen.com\/portal\/wp-json\/wp\/v2\/users\/1"}],"replies":[{"embeddable":true,"href":"https:\/\/www.pcnen.com\/portal\/wp-json\/wp\/v2\/comments?post=355689"}],"version-history":[{"count":1,"href":"https:\/\/www.pcnen.com\/portal\/wp-json\/wp\/v2\/posts\/355689\/revisions"}],"predecessor-version":[{"id":355690,"href":"https:\/\/www.pcnen.com\/portal\/wp-json\/wp\/v2\/posts\/355689\/revisions\/355690"}],"wp:featuredmedia":[{"embeddable":true,"href":"https:\/\/www.pcnen.com\/portal\/wp-json\/wp\/v2\/media\/320447"}],"wp:attachment":[{"href":"https:\/\/www.pcnen.com\/portal\/wp-json\/wp\/v2\/media?parent=355689"}],"wp:term":[{"taxonomy":"category","embeddable":true,"href":"https:\/\/www.pcnen.com\/portal\/wp-json\/wp\/v2\/categories?post=355689"},{"taxonomy":"post_tag","embeddable":true,"href":"https:\/\/www.pcnen.com\/portal\/wp-json\/wp\/v2\/tags?post=355689"}],"curies":[{"name":"wp","href":"https:\/\/api.w.org\/{rel}","templated":true}]}}