{"id":355682,"date":"2022-09-21T19:24:41","date_gmt":"2022-09-21T17:24:41","guid":{"rendered":"https:\/\/www.pcnen.com\/portal\/?p=355682"},"modified":"2022-09-21T19:24:41","modified_gmt":"2022-09-21T17:24:41","slug":"borel-putin-dovodi-u-opasnost-svjetski-mir","status":"publish","type":"post","link":"https:\/\/www.pcnen.com\/portal\/2022\/09\/21\/borel-putin-dovodi-u-opasnost-svjetski-mir\/","title":{"rendered":"Borel: Putin dovodi u opasnost svjetski mir"},"content":{"rendered":"<p>&#8220;Putinove objave o fiktivnim referendumima, \u0111elimi\u010dnoj mobilizaciji i o nuklearnom ucjenjivanju predstavljaju ozbiljnu eskalaciju&#8221;, napisao je Borel u tviter poruci, prenosi Beta.<\/p>\n<p>&#8220;Prijetiti sa nuklearnim oru\u017ejem je neprihvatljivo i predstavlja stvarnu opasnost za sve&#8221;, rekao je on i dodao da me\u0111unarodna zajednica treba da se ujedini i sprije\u010di takve akcije.<\/p>\n<p>&#8220;Svjetski mir je u opasnosti&#8221;, upozorio je Borel.<\/p>\n<p>Prije toga je Borelov portparol Peter Stano rekao da \u0107e najnovije inicijative ruskog vo\u0111e imati &#8220;posljedice&#8221; i da su zemlje \u010dlanice EU ve\u0107 imale koordinacioni sastanak na margini Generalne skup\u0161tine UN. Nije naveo detalje sastanka rekav\u0161i da su oni povjerljivi.<\/p>\n<p>&#8220;Okupirane teritorije dio su Ukrajine koja ima sva prava da tu povrati svoj autoritet i EU je spremna da nastavi svoju podr\u0161ku u vojnom domenu&#8221;, dodao je Stano.<\/p>\n<p>Zemlje EU treba da se izjasne o izdvajanju novih sredstava za nastavak vojne pomo\u0107i Ukrajini. EU je ve\u0107 izdvojila 2,5 milijardi eura u okviru evropskog fonda za mir, fond kojim upravljaju vlade van zajedni\u010dkog bud\u017eeta, a nova tran\u0161a treba da bude 500 miliona eura, navodi Frans pres.<\/p>\n<blockquote class=\"wp-embedded-content\" data-secret=\"JWmpudSRun\"><p><a href=\"https:\/\/www.pcnen.com\/portal\/2022\/09\/21\/putin-proglasio-djelimicnu-mobilizaciju\/\">Putin proglasio djelimi\u010dnu mobilizaciju<\/a><\/p><\/blockquote>\n<p><iframe loading=\"lazy\" class=\"wp-embedded-content\" sandbox=\"allow-scripts\" security=\"restricted\" style=\"position: absolute; clip: rect(1px, 1px, 1px, 1px);\" title=\"&#8220;Putin proglasio djelimi\u010dnu mobilizaciju&#8221; &#8212; PCNEN\" src=\"https:\/\/www.pcnen.com\/portal\/2022\/09\/21\/putin-proglasio-djelimicnu-mobilizaciju\/embed\/#?secret=tTDGEX2tuX#?secret=JWmpudSRun\" data-secret=\"JWmpudSRun\" width=\"600\" height=\"338\" frameborder=\"0\" marginwidth=\"0\" marginheight=\"0\" scrolling=\"no\"><\/iframe><\/p>\n","protected":false},"excerpt":{"rendered":"<p>Mir u svijetu je doveden u opasnost odlukama ruskog predsjednika Vladimira Putina o mobilizaciji rezervista i prijetnjama o upotrebi nuklearnog oru\u017eja, upozorio je danas \u0161ef evropske diplomatije \u017dozep Borel.<\/p>\n","protected":false},"author":1,"featured_media":319239,"comment_status":"open","ping_status":"closed","sticky":false,"template":"","format":"standard","meta":{"_seopress_robots_primary_cat":"","_seopress_titles_title":"","_seopress_titles_desc":"","_seopress_robots_index":"","_et_pb_use_builder":"","_et_pb_old_content":"","_et_gb_content_width":"","inline_featured_image":false,"footnotes":""},"categories":[14],"tags":[],"class_list":["post-355682","post","type-post","status-publish","format-standard","has-post-thumbnail","hentry","category-vijesti"],"_links":{"self":[{"href":"https:\/\/www.pcnen.com\/portal\/wp-json\/wp\/v2\/posts\/355682","targetHints":{"allow":["GET"]}}],"collection":[{"href":"https:\/\/www.pcnen.com\/portal\/wp-json\/wp\/v2\/posts"}],"about":[{"href":"https:\/\/www.pcnen.com\/portal\/wp-json\/wp\/v2\/types\/post"}],"author":[{"embeddable":true,"href":"https:\/\/www.pcnen.com\/portal\/wp-json\/wp\/v2\/users\/1"}],"replies":[{"embeddable":true,"href":"https:\/\/www.pcnen.com\/portal\/wp-json\/wp\/v2\/comments?post=355682"}],"version-history":[{"count":1,"href":"https:\/\/www.pcnen.com\/portal\/wp-json\/wp\/v2\/posts\/355682\/revisions"}],"predecessor-version":[{"id":355683,"href":"https:\/\/www.pcnen.com\/portal\/wp-json\/wp\/v2\/posts\/355682\/revisions\/355683"}],"wp:featuredmedia":[{"embeddable":true,"href":"https:\/\/www.pcnen.com\/portal\/wp-json\/wp\/v2\/media\/319239"}],"wp:attachment":[{"href":"https:\/\/www.pcnen.com\/portal\/wp-json\/wp\/v2\/media?parent=355682"}],"wp:term":[{"taxonomy":"category","embeddable":true,"href":"https:\/\/www.pcnen.com\/portal\/wp-json\/wp\/v2\/categories?post=355682"},{"taxonomy":"post_tag","embeddable":true,"href":"https:\/\/www.pcnen.com\/portal\/wp-json\/wp\/v2\/tags?post=355682"}],"curies":[{"name":"wp","href":"https:\/\/api.w.org\/{rel}","templated":true}]}}