{"id":355673,"date":"2022-09-21T17:42:53","date_gmt":"2022-09-21T15:42:53","guid":{"rendered":"https:\/\/www.pcnen.com\/portal\/?p=355673"},"modified":"2022-09-21T17:42:53","modified_gmt":"2022-09-21T15:42:53","slug":"belgija-hiljade-ljudi-na-protestu-zbog-cijena-struje-gasa-i-hrane-video","status":"publish","type":"post","link":"https:\/\/www.pcnen.com\/portal\/2022\/09\/21\/belgija-hiljade-ljudi-na-protestu-zbog-cijena-struje-gasa-i-hrane-video\/","title":{"rendered":"Belgija: Hiljade ljudi na protestu zbog cijena struje, gasa i hrane (video)"},"content":{"rendered":"<p>Sindikati i policija saop\u0161tili su da je u\u010destvovalo oko 10.000 ljudi. Poreme\u0107en je saobra\u0107aj i gradski prevoz, prenosi Srna.<\/p>\n<p>Do\u0161li su gra\u0111ani iz \u010ditave zemlje i mar\u0161irali pod transparentima poput &#8220;\u017divot je preskup, \u017eelimo rje\u0161enja odmah&#8221; i &#8220;Sve raste osim na\u0161ih zarada&#8221;. Na jednom transparentu je pisalo: &#8220;Zamrznite cijene, ne ljude&#8221;.<\/p>\n<p>Prema anketi koju je sprovela jedna belgijska medijska ku\u0107a, 64 odsto gra\u0111ana brinu da ne\u0107e mo\u0107i da pla\u0107aju ra\u010dune za struju i gas, koji su vi\u0161e nego udvostru\u010deni u prethodnih godinu dana.<\/p>\n<p>Osamdeset odsto u\u010desnika reklo je da ve\u0107 sada poku\u0161avaju da smanje potro\u0161nju energije i vode.<\/p>\n<p>\u201cKada odemo u kupovini, u korpi sve ko\u0161ta 20, 30 eura vi\u0161e i sve vi\u0161e ima veze u koju radnju idete. Dolazimo do ta\u010dke na kojoj na\u0161i nov\u010danici ne\u0107e mo\u0107i da izdr\u017ee\u201d, \u00a0izjavio je Paskal Kraeso, demonstrant iz Brisela.<\/p>\n<p>Premijer Aleksander de Kro upozorio je pro\u0161log mjeseca da \u0107e &#8220;sljede\u0107ih pet do deset zima biti te\u0161ke&#8221; zbog visokih cijena struje i gasa usljed rata u Ukrajini.<\/p>\n<p><iframe loading=\"lazy\" title=\"YouTube video player\" src=\"https:\/\/www.youtube.com\/embed\/eLAA3JH-aPE\" width=\"560\" height=\"315\" frameborder=\"0\" allowfullscreen=\"allowfullscreen\"><\/iframe><\/p>\n","protected":false},"excerpt":{"rendered":"<p>Hiljade ljudi okupile su se danas u Briselu povodom &#8220;nacionalnog dana akcije&#8221; i protesta zbog visokih cijena elektri\u010dne energije, gasa i hrane u Belgiji.<\/p>\n","protected":false},"author":1,"featured_media":355674,"comment_status":"open","ping_status":"closed","sticky":false,"template":"","format":"standard","meta":{"_seopress_robots_primary_cat":"","_seopress_titles_title":"","_seopress_titles_desc":"","_seopress_robots_index":"","_et_pb_use_builder":"","_et_pb_old_content":"","_et_gb_content_width":"","inline_featured_image":false,"footnotes":""},"categories":[14],"tags":[],"class_list":["post-355673","post","type-post","status-publish","format-standard","has-post-thumbnail","hentry","category-vijesti"],"_links":{"self":[{"href":"https:\/\/www.pcnen.com\/portal\/wp-json\/wp\/v2\/posts\/355673","targetHints":{"allow":["GET"]}}],"collection":[{"href":"https:\/\/www.pcnen.com\/portal\/wp-json\/wp\/v2\/posts"}],"about":[{"href":"https:\/\/www.pcnen.com\/portal\/wp-json\/wp\/v2\/types\/post"}],"author":[{"embeddable":true,"href":"https:\/\/www.pcnen.com\/portal\/wp-json\/wp\/v2\/users\/1"}],"replies":[{"embeddable":true,"href":"https:\/\/www.pcnen.com\/portal\/wp-json\/wp\/v2\/comments?post=355673"}],"version-history":[{"count":1,"href":"https:\/\/www.pcnen.com\/portal\/wp-json\/wp\/v2\/posts\/355673\/revisions"}],"predecessor-version":[{"id":355675,"href":"https:\/\/www.pcnen.com\/portal\/wp-json\/wp\/v2\/posts\/355673\/revisions\/355675"}],"wp:featuredmedia":[{"embeddable":true,"href":"https:\/\/www.pcnen.com\/portal\/wp-json\/wp\/v2\/media\/355674"}],"wp:attachment":[{"href":"https:\/\/www.pcnen.com\/portal\/wp-json\/wp\/v2\/media?parent=355673"}],"wp:term":[{"taxonomy":"category","embeddable":true,"href":"https:\/\/www.pcnen.com\/portal\/wp-json\/wp\/v2\/categories?post=355673"},{"taxonomy":"post_tag","embeddable":true,"href":"https:\/\/www.pcnen.com\/portal\/wp-json\/wp\/v2\/tags?post=355673"}],"curies":[{"name":"wp","href":"https:\/\/api.w.org\/{rel}","templated":true}]}}