{"id":355669,"date":"2022-09-21T16:29:08","date_gmt":"2022-09-21T14:29:08","guid":{"rendered":"https:\/\/www.pcnen.com\/portal\/?p=355669"},"modified":"2022-09-21T16:31:52","modified_gmt":"2022-09-21T14:31:52","slug":"durovic-za-sjutra-zakazala-kolegijum-raspravljace-se-o-inicijativi-dukanovica","status":"publish","type":"post","link":"https:\/\/www.pcnen.com\/portal\/2022\/09\/21\/durovic-za-sjutra-zakazala-kolegijum-raspravljace-se-o-inicijativi-dukanovica\/","title":{"rendered":"\u0110urovi\u0107 za sjutra zakazala Kolegijum, raspravlja\u0107e se o inicijativi \u0110ukanovi\u0107a"},"content":{"rendered":"<p>&#8220;U okviru svojih nadle\u017enosti, kao predsjednica Skup\u0161tine, za sjutra sam zakazala kolegijum, na kome \u0107e se, izme\u0111u ostalog, govoriti o vanrednoj sjednici za \u010dije odr\u017eavanje je predsjednik dr\u017eave uputio zahtjev. Moja ustavna obaveza je da zaka\u017eem vanrednu sjednicu, a poslanicima ostaje da glasanjem iska\u017eu svoj politi\u010dki stav o pomenutom pitanju&#8221;, rekla je \u0110urovi\u0107 Vijestima.<\/p>\n<p>Na sajtu Skup\u0161tine objavljen je \u0110ukanovi\u0107ev predlog za skra\u0107enje manadata Skup\u0161tini, ali ne i zahtjev za vanrednu sjednicu &#8211; odnosno datum njenog odr\u017eavanja.<\/p>\n<p>\u0110ukanovi\u0107 je ju\u010de je uputio \u0110urovi\u0107 predlog za skra\u0107enje mandata 27. saziva Skup\u0161tine Crne Gore.<\/p>\n<p>&#8220;\u0160to se ti\u010de mojih ovla\u0161\u0107enja u slu\u010daju da se Skup\u0161tini ne skrati mandat, va\u017eno je ista\u0107i da parlament, u svakom slu\u010daju, sve do konstituisanja novog saziva, nastavlja sa radom&#8221;, rekla je \u0110urovi\u0107.<\/p>\n<blockquote class=\"wp-embedded-content\" data-secret=\"zIqwnQ1Lny\"><p><a href=\"https:\/\/www.pcnen.com\/portal\/2022\/09\/20\/predsjednik-dukanovic-predlozio-skracenje-mandata-skupstini\/\">Predsjednik \u0110ukanovi\u0107 predlo\u017eio skra\u0107enje mandata Skup\u0161tini<\/a><\/p><\/blockquote>\n<p><iframe loading=\"lazy\" class=\"wp-embedded-content\" sandbox=\"allow-scripts\" security=\"restricted\" style=\"position: absolute; clip: rect(1px, 1px, 1px, 1px);\" title=\"&#8220;Predsjednik \u0110ukanovi\u0107 predlo\u017eio skra\u0107enje mandata Skup\u0161tini&#8221; &#8212; PCNEN\" src=\"https:\/\/www.pcnen.com\/portal\/2022\/09\/20\/predsjednik-dukanovic-predlozio-skracenje-mandata-skupstini\/embed\/#?secret=WbIx9iVF0z#?secret=zIqwnQ1Lny\" data-secret=\"zIqwnQ1Lny\" width=\"600\" height=\"338\" frameborder=\"0\" marginwidth=\"0\" marginheight=\"0\" scrolling=\"no\"><\/iframe><\/p>\n","protected":false},"excerpt":{"rendered":"<p>Predsjednica Skup\u0161tine Crne Gore Danijela \u0110urovi\u0107 zakazala je za sjutra (\u010detvrtak 22. septembar) u 13 sati Kolegijum, na kome \u0107e se, izme\u0111u ostalog, govoriti o inicijativi predsjendika dr\u017eave Mila \u0110ukanovi\u0107a za skra\u0107enje mandata.<\/p>\n","protected":false},"author":1,"featured_media":0,"comment_status":"open","ping_status":"closed","sticky":false,"template":"","format":"standard","meta":{"_seopress_robots_primary_cat":"","_seopress_titles_title":"","_seopress_titles_desc":"","_seopress_robots_index":"","_et_pb_use_builder":"","_et_pb_old_content":"","_et_gb_content_width":"","inline_featured_image":false,"footnotes":""},"categories":[14],"tags":[],"class_list":["post-355669","post","type-post","status-publish","format-standard","hentry","category-vijesti"],"_links":{"self":[{"href":"https:\/\/www.pcnen.com\/portal\/wp-json\/wp\/v2\/posts\/355669","targetHints":{"allow":["GET"]}}],"collection":[{"href":"https:\/\/www.pcnen.com\/portal\/wp-json\/wp\/v2\/posts"}],"about":[{"href":"https:\/\/www.pcnen.com\/portal\/wp-json\/wp\/v2\/types\/post"}],"author":[{"embeddable":true,"href":"https:\/\/www.pcnen.com\/portal\/wp-json\/wp\/v2\/users\/1"}],"replies":[{"embeddable":true,"href":"https:\/\/www.pcnen.com\/portal\/wp-json\/wp\/v2\/comments?post=355669"}],"version-history":[{"count":3,"href":"https:\/\/www.pcnen.com\/portal\/wp-json\/wp\/v2\/posts\/355669\/revisions"}],"predecessor-version":[{"id":355672,"href":"https:\/\/www.pcnen.com\/portal\/wp-json\/wp\/v2\/posts\/355669\/revisions\/355672"}],"wp:attachment":[{"href":"https:\/\/www.pcnen.com\/portal\/wp-json\/wp\/v2\/media?parent=355669"}],"wp:term":[{"taxonomy":"category","embeddable":true,"href":"https:\/\/www.pcnen.com\/portal\/wp-json\/wp\/v2\/categories?post=355669"},{"taxonomy":"post_tag","embeddable":true,"href":"https:\/\/www.pcnen.com\/portal\/wp-json\/wp\/v2\/tags?post=355669"}],"curies":[{"name":"wp","href":"https:\/\/api.w.org\/{rel}","templated":true}]}}