{"id":355665,"date":"2022-09-21T15:28:56","date_gmt":"2022-09-21T13:28:56","guid":{"rendered":"https:\/\/www.pcnen.com\/portal\/?p=355665"},"modified":"2022-09-21T15:28:56","modified_gmt":"2022-09-21T13:28:56","slug":"seselj-imam-utisak-da-sam-dosadio-narodu","status":"publish","type":"post","link":"https:\/\/www.pcnen.com\/portal\/2022\/09\/21\/seselj-imam-utisak-da-sam-dosadio-narodu\/","title":{"rendered":"\u0160e\u0161elj: Imam utisak da sam dosadio narodu"},"content":{"rendered":"<p>&#8220;Ne\u0107u biti predsednik SRS, ali \u0107u ostati u politici. Ako ni\u0161ta drugo \u2013 pisa\u0107u. Hteo sam da se ve\u0107 povu\u010dem i da sada u septembru odr\u017eimo vanredni kongres, da se bira novi predsednik, me\u0111utim ve\u0107ina \u010dlanova predsednickog kolegijuma koje sam konsultovao bila je protiv toga&#8221;, kazao je \u0160e\u0161elj gostuju\u0107i na TV K1.<\/p>\n<p>Dodao je da je odluku o povla\u010dnju odgodio na insistiranje strana\u010dkih kolega i \u010dlanova do redovnog kongresa u maju sljede\u0107e godine.<\/p>\n","protected":false},"excerpt":{"rendered":"<p>Vojislav \u0160e\u0161elj, predsjednik Srpske radikalne stranke, rekao je da \u017eeli da se povu\u010de sa \u010dela stranke, \u010diji je predsjednik 32 godine, ali da ostaje u politici i dodao da to \u010dini jer ima utisak da je &#8220;dosadio narodu&#8221;.<\/p>\n","protected":false},"author":1,"featured_media":346178,"comment_status":"open","ping_status":"closed","sticky":false,"template":"","format":"standard","meta":{"_seopress_robots_primary_cat":"","_seopress_titles_title":"","_seopress_titles_desc":"","_seopress_robots_index":"","_et_pb_use_builder":"","_et_pb_old_content":"","_et_gb_content_width":"","inline_featured_image":false,"footnotes":""},"categories":[14],"tags":[],"class_list":["post-355665","post","type-post","status-publish","format-standard","has-post-thumbnail","hentry","category-vijesti"],"_links":{"self":[{"href":"https:\/\/www.pcnen.com\/portal\/wp-json\/wp\/v2\/posts\/355665","targetHints":{"allow":["GET"]}}],"collection":[{"href":"https:\/\/www.pcnen.com\/portal\/wp-json\/wp\/v2\/posts"}],"about":[{"href":"https:\/\/www.pcnen.com\/portal\/wp-json\/wp\/v2\/types\/post"}],"author":[{"embeddable":true,"href":"https:\/\/www.pcnen.com\/portal\/wp-json\/wp\/v2\/users\/1"}],"replies":[{"embeddable":true,"href":"https:\/\/www.pcnen.com\/portal\/wp-json\/wp\/v2\/comments?post=355665"}],"version-history":[{"count":1,"href":"https:\/\/www.pcnen.com\/portal\/wp-json\/wp\/v2\/posts\/355665\/revisions"}],"predecessor-version":[{"id":355666,"href":"https:\/\/www.pcnen.com\/portal\/wp-json\/wp\/v2\/posts\/355665\/revisions\/355666"}],"wp:featuredmedia":[{"embeddable":true,"href":"https:\/\/www.pcnen.com\/portal\/wp-json\/wp\/v2\/media\/346178"}],"wp:attachment":[{"href":"https:\/\/www.pcnen.com\/portal\/wp-json\/wp\/v2\/media?parent=355665"}],"wp:term":[{"taxonomy":"category","embeddable":true,"href":"https:\/\/www.pcnen.com\/portal\/wp-json\/wp\/v2\/categories?post=355665"},{"taxonomy":"post_tag","embeddable":true,"href":"https:\/\/www.pcnen.com\/portal\/wp-json\/wp\/v2\/tags?post=355665"}],"curies":[{"name":"wp","href":"https:\/\/api.w.org\/{rel}","templated":true}]}}