{"id":355657,"date":"2022-09-21T13:43:02","date_gmt":"2022-09-21T11:43:02","guid":{"rendered":"https:\/\/www.pcnen.com\/portal\/?p=355657"},"modified":"2022-09-21T13:43:02","modified_gmt":"2022-09-21T11:43:02","slug":"najavljen-veliki-protest-protiv-mobilizacije-u-rusiji","status":"publish","type":"post","link":"https:\/\/www.pcnen.com\/portal\/2022\/09\/21\/najavljen-veliki-protest-protiv-mobilizacije-u-rusiji\/","title":{"rendered":"Najavljen veliki protest protiv mobilizacije u Rusiji"},"content":{"rendered":"<p>Aktivisti pozivaju gra\u0111ane da se okupe ve\u010deras u 19 sati\u00a0 u centru svojih gradova.<\/p>\n<p>\u201eHiljade Rusa \u2013 na\u0161ih o\u010deva, bra\u0107e i mu\u017eeva \u2013 bi\u0107e ba\u010deno u ma\u0161inu za mljevenje mesa rata. Za\u0161to \u0107e umrijeti? Za\u0161to \u0107e majke i djeca proliti suze?\u201c, navodi se u saop\u0161tenju pokreta.<\/p>\n<p>Isti pokret ju\u010de je pred o\u010dekivano usvajanje amandmana na ruski zakon u Dumi kojim je uveden pojam \u201emobilizacija\u201c, \u201eratno stanje\u201c i \u201eratno vrijeme\u201c pozivao ruske vojnike da odbiju da u\u010destvuju u ratu i predaju se na vrijem<a href=\"https:\/\/www.danas.rs\/svet\/pokret-vesna-pozvao-na-sveruske-akcije-veceras-u-19-sati-protesti-protiv-mobilizacije\/\">e, pi\u0161e Danas.<\/a><\/p>\n<p>Najistaknutiji ruski opozicioni lider Aleksej Navaljni, koji se nalazi u zatvoru, rekao je da Putin \u0161alje jo\u0161 Rusa u smrt zbog neuspjelog rata, prenosi Rojters.<\/p>\n<p>\u201eJasno je da se zlo\u010dina\u010dki rat pogor\u0161ava, produbljuje, a Putin poku\u0161ava da u to uklju\u010di \u0161to vi\u0161e ljudi\u201c, rekao je Navaljni u video poruci iz zatvora koju su snimili i objavili njegovi advokati.<\/p>\n<p>Navaljni je dodao da Putin \u017eeli da umrlja krvlju stotine hiljada ljudi u ovom sukobu.<\/p>\n<blockquote class=\"wp-embedded-content\" data-secret=\"XppR5Y0gOR\"><p><a href=\"https:\/\/www.pcnen.com\/portal\/2022\/09\/21\/putin-proglasio-djelimicnu-mobilizaciju\/\">Putin proglasio djelimi\u010dnu mobilizaciju<\/a><\/p><\/blockquote>\n<p><iframe loading=\"lazy\" class=\"wp-embedded-content\" sandbox=\"allow-scripts\" security=\"restricted\" style=\"position: absolute; clip: rect(1px, 1px, 1px, 1px);\" title=\"&#8220;Putin proglasio djelimi\u010dnu mobilizaciju&#8221; &#8212; PCNEN\" src=\"https:\/\/www.pcnen.com\/portal\/2022\/09\/21\/putin-proglasio-djelimicnu-mobilizaciju\/embed\/#?secret=Xm9NdGFw2l#?secret=XppR5Y0gOR\" data-secret=\"XppR5Y0gOR\" width=\"600\" height=\"338\" frameborder=\"0\" marginwidth=\"0\" marginheight=\"0\" scrolling=\"no\"><\/iframe><\/p>\n","protected":false},"excerpt":{"rendered":"<p>Pokret \u201eVesna\u201c pozvao je na sveruske protestne akcije protiv mobilizacije koju je najavio ruski predsjednik Vladimir Putin, pi\u0161e nezavisni ruski medij Meduza.<\/p>\n","protected":false},"author":1,"featured_media":355658,"comment_status":"open","ping_status":"closed","sticky":false,"template":"","format":"standard","meta":{"_seopress_robots_primary_cat":"","_seopress_titles_title":"","_seopress_titles_desc":"","_seopress_robots_index":"","_et_pb_use_builder":"","_et_pb_old_content":"","_et_gb_content_width":"","inline_featured_image":false,"footnotes":""},"categories":[14],"tags":[],"class_list":["post-355657","post","type-post","status-publish","format-standard","has-post-thumbnail","hentry","category-vijesti"],"_links":{"self":[{"href":"https:\/\/www.pcnen.com\/portal\/wp-json\/wp\/v2\/posts\/355657","targetHints":{"allow":["GET"]}}],"collection":[{"href":"https:\/\/www.pcnen.com\/portal\/wp-json\/wp\/v2\/posts"}],"about":[{"href":"https:\/\/www.pcnen.com\/portal\/wp-json\/wp\/v2\/types\/post"}],"author":[{"embeddable":true,"href":"https:\/\/www.pcnen.com\/portal\/wp-json\/wp\/v2\/users\/1"}],"replies":[{"embeddable":true,"href":"https:\/\/www.pcnen.com\/portal\/wp-json\/wp\/v2\/comments?post=355657"}],"version-history":[{"count":1,"href":"https:\/\/www.pcnen.com\/portal\/wp-json\/wp\/v2\/posts\/355657\/revisions"}],"predecessor-version":[{"id":355659,"href":"https:\/\/www.pcnen.com\/portal\/wp-json\/wp\/v2\/posts\/355657\/revisions\/355659"}],"wp:featuredmedia":[{"embeddable":true,"href":"https:\/\/www.pcnen.com\/portal\/wp-json\/wp\/v2\/media\/355658"}],"wp:attachment":[{"href":"https:\/\/www.pcnen.com\/portal\/wp-json\/wp\/v2\/media?parent=355657"}],"wp:term":[{"taxonomy":"category","embeddable":true,"href":"https:\/\/www.pcnen.com\/portal\/wp-json\/wp\/v2\/categories?post=355657"},{"taxonomy":"post_tag","embeddable":true,"href":"https:\/\/www.pcnen.com\/portal\/wp-json\/wp\/v2\/tags?post=355657"}],"curies":[{"name":"wp","href":"https:\/\/api.w.org\/{rel}","templated":true}]}}