{"id":355620,"date":"2022-09-20T19:03:06","date_gmt":"2022-09-20T17:03:06","guid":{"rendered":"https:\/\/www.pcnen.com\/portal\/?p=355620"},"modified":"2022-09-20T19:03:33","modified_gmt":"2022-09-20T17:03:33","slug":"samo-radoje-korac-izabran-za-clana-sudskog-savjeta","status":"publish","type":"post","link":"https:\/\/www.pcnen.com\/portal\/2022\/09\/20\/samo-radoje-korac-izabran-za-clana-sudskog-savjeta\/","title":{"rendered":"Samo Radoje Kora\u0107 izabran za \u010dlana Sudskog savjeta"},"content":{"rendered":"<p>Samo je dr Radoje Kora\u0107 dobio podr\u0161ku Skup\u0161tine CG za \u010dlana Sudskog savjeta iz reda uglednih pravnika.<\/p>\n<p>Ostala trojica kandidata Fikret Kurga\u0161, Dragan \u0160o\u0107 i Neboj\u0161a Vu\u010dini\u0107 nijesu dobili 49 glasova, koliko je bilo neophodno za njihov izbor u drugom krugu glasanja.<\/p>\n<blockquote class=\"wp-embedded-content\" data-secret=\"iWoDArhH04\"><p><a href=\"https:\/\/www.pcnen.com\/portal\/2022\/09\/20\/skupstina-drugo-glasanje-za-clanove-sudskog-savjeta-uzivo\/\">Skup\u0161tina: Drugo glasanje za \u010dlanove Sudskog savjeta (u\u017eivo)<\/a><\/p><\/blockquote>\n<p><iframe loading=\"lazy\" class=\"wp-embedded-content\" sandbox=\"allow-scripts\" security=\"restricted\" style=\"position: absolute; clip: rect(1px, 1px, 1px, 1px);\" title=\"&#8220;Skup\u0161tina: Drugo glasanje za \u010dlanove Sudskog savjeta (u\u017eivo)&#8221; &#8212; PCNEN\" src=\"https:\/\/www.pcnen.com\/portal\/2022\/09\/20\/skupstina-drugo-glasanje-za-clanove-sudskog-savjeta-uzivo\/embed\/#?secret=Iy6omny6nK#?secret=iWoDArhH04\" data-secret=\"iWoDArhH04\" width=\"600\" height=\"338\" frameborder=\"0\" marginwidth=\"0\" marginheight=\"0\" scrolling=\"no\"><\/iframe><\/p>\n","protected":false},"excerpt":{"rendered":"<p>Poslanici crnogorskog parlamenta danas su na vanrednoj sjednici ponovo glasali o predlogu za izbor \u010detiri \u010dlana Sudskog savjeta iz reda uglednih pravnika.<\/p>\n","protected":false},"author":1,"featured_media":349090,"comment_status":"open","ping_status":"closed","sticky":false,"template":"","format":"standard","meta":{"_seopress_robots_primary_cat":"","_seopress_titles_title":"","_seopress_titles_desc":"","_seopress_robots_index":"","_et_pb_use_builder":"","_et_pb_old_content":"","_et_gb_content_width":"","inline_featured_image":false,"footnotes":""},"categories":[14],"tags":[],"class_list":["post-355620","post","type-post","status-publish","format-standard","has-post-thumbnail","hentry","category-vijesti"],"_links":{"self":[{"href":"https:\/\/www.pcnen.com\/portal\/wp-json\/wp\/v2\/posts\/355620","targetHints":{"allow":["GET"]}}],"collection":[{"href":"https:\/\/www.pcnen.com\/portal\/wp-json\/wp\/v2\/posts"}],"about":[{"href":"https:\/\/www.pcnen.com\/portal\/wp-json\/wp\/v2\/types\/post"}],"author":[{"embeddable":true,"href":"https:\/\/www.pcnen.com\/portal\/wp-json\/wp\/v2\/users\/1"}],"replies":[{"embeddable":true,"href":"https:\/\/www.pcnen.com\/portal\/wp-json\/wp\/v2\/comments?post=355620"}],"version-history":[{"count":2,"href":"https:\/\/www.pcnen.com\/portal\/wp-json\/wp\/v2\/posts\/355620\/revisions"}],"predecessor-version":[{"id":355622,"href":"https:\/\/www.pcnen.com\/portal\/wp-json\/wp\/v2\/posts\/355620\/revisions\/355622"}],"wp:featuredmedia":[{"embeddable":true,"href":"https:\/\/www.pcnen.com\/portal\/wp-json\/wp\/v2\/media\/349090"}],"wp:attachment":[{"href":"https:\/\/www.pcnen.com\/portal\/wp-json\/wp\/v2\/media?parent=355620"}],"wp:term":[{"taxonomy":"category","embeddable":true,"href":"https:\/\/www.pcnen.com\/portal\/wp-json\/wp\/v2\/categories?post=355620"},{"taxonomy":"post_tag","embeddable":true,"href":"https:\/\/www.pcnen.com\/portal\/wp-json\/wp\/v2\/tags?post=355620"}],"curies":[{"name":"wp","href":"https:\/\/api.w.org\/{rel}","templated":true}]}}