{"id":355613,"date":"2022-09-20T18:47:53","date_gmt":"2022-09-20T16:47:53","guid":{"rendered":"https:\/\/www.pcnen.com\/portal\/?p=355613"},"modified":"2022-09-20T18:48:52","modified_gmt":"2022-09-20T16:48:52","slug":"becic-vidimo-do-cega-dovodi-politika-stalnih-ucjena-video","status":"publish","type":"post","link":"https:\/\/www.pcnen.com\/portal\/2022\/09\/20\/becic-vidimo-do-cega-dovodi-politika-stalnih-ucjena-video\/","title":{"rendered":"Be\u010di\u0107: Vidimo do \u010dega dovodi politika stalnih ucjena (video)"},"content":{"rendered":"<p>Ka\u017ee da je bilo mnogo sastanaka, ali nije izostala konstruktivnost i iskrena spremnost Demokrata da se do\u0111e do dogovora.<\/p>\n<p>&#8220;Sada vidite do \u010dega dovodi politika stalnog ucjenjivanja i odbijanja, da ono \u0161to ka\u017eete i potpi\u0161ete&#8221;, naveo je Be\u010di\u0107.<\/p>\n<p>On je kazao da predsjednik Milo \u0110ukanovi\u0107 nije imao ustavnih smetnji da da mandat Miodragu Leki\u0107u, to je ka\u017ee bila njegova ustavna obaveza. Ipak Be\u010di\u0107 ka\u017ee da nije o\u010dekivao da predsjednika Mila \u0110ukanovi\u0107 to i radi.<\/p>\n<p>&#8220;Zato sam tra\u017eio da se stave potpisi&#8221;, poru\u010dio je Be\u010di\u0107. On je podsjetio da je Dritan Abazovi\u0107 kazao da ne\u0107e da potpi\u0161e kandidaturu za Leki\u0107a jer je to zamka.<\/p>\n<p>&#8220;Taj potpisi je bio zamka za \u0110ukanovi\u0107a i to je pokazao dana\u0161nji dan. Mehanizam \u0110ukanovi\u0107u su vratili oni koji su izglasali 43. DPS vladu i odbili da stave potpis da Leki\u0107 bude mandatar&#8221;, naveo je Be\u010di\u0107.<\/p>\n<p>On je kazao da Demokrate ne\u0107e dati podr\u0161ku za skra\u0107enje mandata Skup\u0161tini.<\/p>\n<p>&#8220;\u0160ta \u0107e biti pitajte ove koji nas dr\u017ee u ovakvom stanju svih ovih mjeseci, pitajte ove koji su prvo prekrojili 30. avgust, pa vratili DPS na vlast, odbili da potpi\u0161u kandidaturu Leki\u0107u i stvorili sada ovakve posljedice u dru\u0161tvu. \u0160to se nas ti\u010de ono \u0161to obe\u0107amo to i ispunimo i tako \u0107e biti&#8221;, poru\u010dio je Be\u010di\u0107.<\/p>\n<p><iframe loading=\"lazy\" style=\"border: none; overflow: hidden;\" src=\"https:\/\/www.facebook.com\/plugins\/video.php?height=314&amp;href=https%3A%2F%2Fwww.facebook.com%2Fdemokratskacrnagora%2Fvideos%2F1444862609273869%2F&amp;show_text=false&amp;width=560&amp;t=0\" width=\"560\" height=\"314\" frameborder=\"0\" scrolling=\"no\" allowfullscreen=\"allowfullscreen\"><\/iframe><\/p>\n","protected":false},"excerpt":{"rendered":"<p>Lider Demokrata Aleksa Be\u010di\u0107 poru\u010dio je da se, nakon \u0161to je predsjednik dr\u017eave Milo \u0110ukanovi\u0107 odbio da predlo\u017ei Miodraga Leki\u0107a za mandatar, vidi do \u010dega dovodi politika stalnih ucjena.<\/p>\n","protected":false},"author":1,"featured_media":337108,"comment_status":"open","ping_status":"closed","sticky":false,"template":"","format":"standard","meta":{"_seopress_robots_primary_cat":"","_seopress_titles_title":"","_seopress_titles_desc":"","_seopress_robots_index":"","_et_pb_use_builder":"","_et_pb_old_content":"","_et_gb_content_width":"","inline_featured_image":false,"footnotes":""},"categories":[14],"tags":[],"class_list":["post-355613","post","type-post","status-publish","format-standard","has-post-thumbnail","hentry","category-vijesti"],"_links":{"self":[{"href":"https:\/\/www.pcnen.com\/portal\/wp-json\/wp\/v2\/posts\/355613","targetHints":{"allow":["GET"]}}],"collection":[{"href":"https:\/\/www.pcnen.com\/portal\/wp-json\/wp\/v2\/posts"}],"about":[{"href":"https:\/\/www.pcnen.com\/portal\/wp-json\/wp\/v2\/types\/post"}],"author":[{"embeddable":true,"href":"https:\/\/www.pcnen.com\/portal\/wp-json\/wp\/v2\/users\/1"}],"replies":[{"embeddable":true,"href":"https:\/\/www.pcnen.com\/portal\/wp-json\/wp\/v2\/comments?post=355613"}],"version-history":[{"count":2,"href":"https:\/\/www.pcnen.com\/portal\/wp-json\/wp\/v2\/posts\/355613\/revisions"}],"predecessor-version":[{"id":355615,"href":"https:\/\/www.pcnen.com\/portal\/wp-json\/wp\/v2\/posts\/355613\/revisions\/355615"}],"wp:featuredmedia":[{"embeddable":true,"href":"https:\/\/www.pcnen.com\/portal\/wp-json\/wp\/v2\/media\/337108"}],"wp:attachment":[{"href":"https:\/\/www.pcnen.com\/portal\/wp-json\/wp\/v2\/media?parent=355613"}],"wp:term":[{"taxonomy":"category","embeddable":true,"href":"https:\/\/www.pcnen.com\/portal\/wp-json\/wp\/v2\/categories?post=355613"},{"taxonomy":"post_tag","embeddable":true,"href":"https:\/\/www.pcnen.com\/portal\/wp-json\/wp\/v2\/tags?post=355613"}],"curies":[{"name":"wp","href":"https:\/\/api.w.org\/{rel}","templated":true}]}}