{"id":355607,"date":"2022-09-20T18:06:15","date_gmt":"2022-09-20T16:06:15","guid":{"rendered":"https:\/\/www.pcnen.com\/portal\/?p=355607"},"modified":"2022-09-20T18:07:16","modified_gmt":"2022-09-20T16:07:16","slug":"stara-parlamentarna-vecina-opet-sastanci","status":"publish","type":"post","link":"https:\/\/www.pcnen.com\/portal\/2022\/09\/20\/stara-parlamentarna-vecina-opet-sastanci\/","title":{"rendered":"Stara parlamentarna ve\u0107ina opet sastan\u010di"},"content":{"rendered":"<p>Sastanak je organizovan nakon \u0161to je predsjednik Crne Gore Milo \u0110ukanovi\u0107 podnio predlog za skra\u0107enje mandata 27. saziva Skup\u0161tine Crne Gore, navode\u0107i da se nijesu stekli uslovi da mandat za sastav Vlade povjeri lideru Demosa Miodragu Leki\u0107u, prenosi RTCG.<\/p>\n<p>&nbsp;<\/p>\n<blockquote class=\"wp-embedded-content\" data-secret=\"TP3zrQvYfi\"><p><a href=\"https:\/\/www.pcnen.com\/portal\/2022\/09\/20\/predsjednik-dukanovic-predlozio-skracenje-mandata-skupstini\/\">Predsjednik \u0110ukanovi\u0107 predlo\u017eio skra\u0107enje mandata Skup\u0161tini<\/a><\/p><\/blockquote>\n<p><iframe loading=\"lazy\" class=\"wp-embedded-content\" sandbox=\"allow-scripts\" security=\"restricted\" style=\"position: absolute; clip: rect(1px, 1px, 1px, 1px);\" title=\"&#8220;Predsjednik \u0110ukanovi\u0107 predlo\u017eio skra\u0107enje mandata Skup\u0161tini&#8221; &#8212; PCNEN\" src=\"https:\/\/www.pcnen.com\/portal\/2022\/09\/20\/predsjednik-dukanovic-predlozio-skracenje-mandata-skupstini\/embed\/#?secret=COKVFe5KCx#?secret=TP3zrQvYfi\" data-secret=\"TP3zrQvYfi\" width=\"600\" height=\"338\" frameborder=\"0\" marginwidth=\"0\" marginheight=\"0\" scrolling=\"no\"><\/iframe><\/p>\n","protected":false},"excerpt":{"rendered":"<p>U Skup\u0161tini Crne Gore u toku je sastanak predstavnika parlamentarne ve\u0107ine sa izbora od 30. avgusta 2020. godine.<\/p>\n","protected":false},"author":1,"featured_media":199577,"comment_status":"open","ping_status":"closed","sticky":false,"template":"","format":"standard","meta":{"_seopress_robots_primary_cat":"","_seopress_titles_title":"","_seopress_titles_desc":"","_seopress_robots_index":"","_et_pb_use_builder":"","_et_pb_old_content":"","_et_gb_content_width":"","inline_featured_image":false,"footnotes":""},"categories":[14],"tags":[],"class_list":["post-355607","post","type-post","status-publish","format-standard","has-post-thumbnail","hentry","category-vijesti"],"_links":{"self":[{"href":"https:\/\/www.pcnen.com\/portal\/wp-json\/wp\/v2\/posts\/355607","targetHints":{"allow":["GET"]}}],"collection":[{"href":"https:\/\/www.pcnen.com\/portal\/wp-json\/wp\/v2\/posts"}],"about":[{"href":"https:\/\/www.pcnen.com\/portal\/wp-json\/wp\/v2\/types\/post"}],"author":[{"embeddable":true,"href":"https:\/\/www.pcnen.com\/portal\/wp-json\/wp\/v2\/users\/1"}],"replies":[{"embeddable":true,"href":"https:\/\/www.pcnen.com\/portal\/wp-json\/wp\/v2\/comments?post=355607"}],"version-history":[{"count":3,"href":"https:\/\/www.pcnen.com\/portal\/wp-json\/wp\/v2\/posts\/355607\/revisions"}],"predecessor-version":[{"id":355610,"href":"https:\/\/www.pcnen.com\/portal\/wp-json\/wp\/v2\/posts\/355607\/revisions\/355610"}],"wp:featuredmedia":[{"embeddable":true,"href":"https:\/\/www.pcnen.com\/portal\/wp-json\/wp\/v2\/media\/199577"}],"wp:attachment":[{"href":"https:\/\/www.pcnen.com\/portal\/wp-json\/wp\/v2\/media?parent=355607"}],"wp:term":[{"taxonomy":"category","embeddable":true,"href":"https:\/\/www.pcnen.com\/portal\/wp-json\/wp\/v2\/categories?post=355607"},{"taxonomy":"post_tag","embeddable":true,"href":"https:\/\/www.pcnen.com\/portal\/wp-json\/wp\/v2\/tags?post=355607"}],"curies":[{"name":"wp","href":"https:\/\/api.w.org\/{rel}","templated":true}]}}