{"id":355600,"date":"2022-09-20T16:59:02","date_gmt":"2022-09-20T14:59:02","guid":{"rendered":"https:\/\/www.pcnen.com\/portal\/?p=355600"},"modified":"2022-09-20T17:01:55","modified_gmt":"2022-09-20T15:01:55","slug":"snp-dukanovic-odlucio-na-osnovu-subjektivnog-osjecaja","status":"publish","type":"post","link":"https:\/\/www.pcnen.com\/portal\/2022\/09\/20\/snp-dukanovic-odlucio-na-osnovu-subjektivnog-osjecaja\/","title":{"rendered":"SNP: \u0110ukanovi\u0107 odlu\u010dio na osnovu subjektivnog osje\u0107aja"},"content":{"rendered":"<p>\u201cPredsjednik dr\u017eave nema ni ustavne ni zakonske mogu\u0107nosti da postupa na osnovu svog utiska, kako navodi u Predlogu za skra\u0107enje mandata Skup\u0161tine Crne Gore 27. saziva, ve\u0107 na osnovu ustavnih i zakonskih ovla\u0161\u0107enja koja mu kao predsjedniku pripadaju. Socijalisti\u010dka narodna partija Crne Gore obavje\u0161tava javnost i ukazuje predsjedniku \u0110ukanovi\u0107u da je od strane na\u0161e partije u pisanoj formi obavije\u0161ten o razlozima nedolaska na konsultacije o mandataru za sastav 44. Vlade zato \u0161to su u tom trenutku bili u toku razgovori o postizanju saglasnosti o mandataru\u201d, poru\u010duju iz SNP-a.<\/p>\n<p>Nakon postizanja dogovora oko imena mandatara, kako podsje\u0107aju, javno su saop\u0161tili da predlog ima punu podr\u0161ku SNP-a.<\/p>\n<p>\u201cPrema tome, gospodin \u0110ukanovi\u0107 nema ni ovla\u0161\u0107enja ni mogu\u0107nosti da na osnovu svog subjektivnog osje\u0107aja i utiska ocjenjuje da li neko ima potrebnu skup\u0161tinsku ve\u0107inu ili ne. To je pravo Skup\u0161tine Crne Gore, njenih poslanika i to se evidentira i pokazuje na zasijedanju prilikom izja\u0161njavanja. Dakle, gospodin \u0110ukanovi\u0107 ima obavezu da prema Skup\u0161tini Crne Gore procesuira jedini predlog za mandatara koji je dobio, a to je gospodin Miodrag Leki\u0107\u201d, poru\u010duju iz SNP-a.<\/p>\n<blockquote class=\"wp-embedded-content\" data-secret=\"Bvo1WgS4RX\"><p><a href=\"https:\/\/www.pcnen.com\/portal\/2022\/09\/20\/predsjednik-dukanovic-predlozio-skracenje-mandata-skupstini\/\">Predsjednik \u0110ukanovi\u0107 predlo\u017eio skra\u0107enje mandata Skup\u0161tini<\/a><\/p><\/blockquote>\n<p><iframe loading=\"lazy\" class=\"wp-embedded-content\" sandbox=\"allow-scripts\" security=\"restricted\" style=\"position: absolute; clip: rect(1px, 1px, 1px, 1px);\" title=\"&#8220;Predsjednik \u0110ukanovi\u0107 predlo\u017eio skra\u0107enje mandata Skup\u0161tini&#8221; &#8212; PCNEN\" src=\"https:\/\/www.pcnen.com\/portal\/2022\/09\/20\/predsjednik-dukanovic-predlozio-skracenje-mandata-skupstini\/embed\/#?secret=Dvzsm9PLTK#?secret=Bvo1WgS4RX\" data-secret=\"Bvo1WgS4RX\" width=\"600\" height=\"338\" frameborder=\"0\" marginwidth=\"0\" marginheight=\"0\" scrolling=\"no\"><\/iframe><\/p>\n","protected":false},"excerpt":{"rendered":"<p>Socijalisti\u010dka narodna partija saop\u0161tila je da predsjednik dr\u017eave Milo \u0110ukanovi\u0107 nema ni ovla\u0161\u0107enja ni mogu\u0107nosti da na osnovu svog subjektivnog osje\u0107aja i utiska ocjenjuje da li neko ima potrebnu skup\u0161tinsku ve\u0107inu ili ne.<\/p>\n","protected":false},"author":1,"featured_media":333078,"comment_status":"open","ping_status":"closed","sticky":false,"template":"","format":"standard","meta":{"_seopress_robots_primary_cat":"","_seopress_titles_title":"","_seopress_titles_desc":"","_seopress_robots_index":"","_et_pb_use_builder":"","_et_pb_old_content":"","_et_gb_content_width":"","inline_featured_image":false,"footnotes":""},"categories":[14],"tags":[],"class_list":["post-355600","post","type-post","status-publish","format-standard","has-post-thumbnail","hentry","category-vijesti"],"_links":{"self":[{"href":"https:\/\/www.pcnen.com\/portal\/wp-json\/wp\/v2\/posts\/355600","targetHints":{"allow":["GET"]}}],"collection":[{"href":"https:\/\/www.pcnen.com\/portal\/wp-json\/wp\/v2\/posts"}],"about":[{"href":"https:\/\/www.pcnen.com\/portal\/wp-json\/wp\/v2\/types\/post"}],"author":[{"embeddable":true,"href":"https:\/\/www.pcnen.com\/portal\/wp-json\/wp\/v2\/users\/1"}],"replies":[{"embeddable":true,"href":"https:\/\/www.pcnen.com\/portal\/wp-json\/wp\/v2\/comments?post=355600"}],"version-history":[{"count":2,"href":"https:\/\/www.pcnen.com\/portal\/wp-json\/wp\/v2\/posts\/355600\/revisions"}],"predecessor-version":[{"id":355602,"href":"https:\/\/www.pcnen.com\/portal\/wp-json\/wp\/v2\/posts\/355600\/revisions\/355602"}],"wp:featuredmedia":[{"embeddable":true,"href":"https:\/\/www.pcnen.com\/portal\/wp-json\/wp\/v2\/media\/333078"}],"wp:attachment":[{"href":"https:\/\/www.pcnen.com\/portal\/wp-json\/wp\/v2\/media?parent=355600"}],"wp:term":[{"taxonomy":"category","embeddable":true,"href":"https:\/\/www.pcnen.com\/portal\/wp-json\/wp\/v2\/categories?post=355600"},{"taxonomy":"post_tag","embeddable":true,"href":"https:\/\/www.pcnen.com\/portal\/wp-json\/wp\/v2\/tags?post=355600"}],"curies":[{"name":"wp","href":"https:\/\/api.w.org\/{rel}","templated":true}]}}