{"id":355596,"date":"2022-09-20T16:31:02","date_gmt":"2022-09-20T14:31:02","guid":{"rendered":"https:\/\/www.pcnen.com\/portal\/?p=355596"},"modified":"2022-09-20T16:31:02","modified_gmt":"2022-09-20T14:31:02","slug":"ura-optuzila-dukanovica-i-demokrate","status":"publish","type":"post","link":"https:\/\/www.pcnen.com\/portal\/2022\/09\/20\/ura-optuzila-dukanovica-i-demokrate\/","title":{"rendered":"URA optu\u017eila \u0110ukanovi\u0107a i Demokrate"},"content":{"rendered":"<p>URA je, ujedno, optu\u017eila Demokratsku Crnu Goru da je \u201cru\u0161enjem 43. Vlade vratili mehanizam odlu\u010divanja o daljim politi\u010dkim procesima u dr\u017eavi u ruke Milu \u0110ukanovi\u0107u\u2026 Ispostavlja se da su Demokrate na ovaj na\u010din \u017eeljeli samo opstrukciju, zaslijepljeni patolo\u0161kom mr\u017enjom prema URI i njenom lideru Dritanu Abazovi\u0107u\u201d.<\/p>\n<p>&nbsp;<\/p>\n<blockquote class=\"wp-embedded-content\" data-secret=\"5lX8pq9zcd\"><p><a href=\"https:\/\/www.pcnen.com\/portal\/2022\/09\/20\/predsjednik-dukanovic-predlozio-skracenje-mandata-skupstini\/\">Predsjednik \u0110ukanovi\u0107 predlo\u017eio skra\u0107enje mandata Skup\u0161tini<\/a><\/p><\/blockquote>\n<p><iframe loading=\"lazy\" class=\"wp-embedded-content\" sandbox=\"allow-scripts\" security=\"restricted\" style=\"position: absolute; clip: rect(1px, 1px, 1px, 1px);\" title=\"&#8220;Predsjednik \u0110ukanovi\u0107 predlo\u017eio skra\u0107enje mandata Skup\u0161tini&#8221; &#8212; PCNEN\" src=\"https:\/\/www.pcnen.com\/portal\/2022\/09\/20\/predsjednik-dukanovic-predlozio-skracenje-mandata-skupstini\/embed\/#?secret=TpLPFnNGpo#?secret=5lX8pq9zcd\" data-secret=\"5lX8pq9zcd\" width=\"600\" height=\"338\" frameborder=\"0\" marginwidth=\"0\" marginheight=\"0\" scrolling=\"no\"><\/iframe><\/p>\n","protected":false},"excerpt":{"rendered":"<p>Gra\u0111anski pokret URA, \u010diji je lider Dritan Abazovi\u0107 trenutno na du\u017enosti premijera, optu\u017eio je predsjednka Crne Gore Mila \u0110ukanovi\u0107a da je neprihvatanjem predloga da Miodrag Leki\u0107 bude mandatar \u201dpokazao nedemokratski karakter, samovolju i autokratski manir jer Ustavom i zakonima nije predvi\u0111eno da se za imenovanje mandatara Vlade potpisi moraju skupiti\u201d.<\/p>\n","protected":false},"author":1,"featured_media":323001,"comment_status":"open","ping_status":"closed","sticky":false,"template":"","format":"standard","meta":{"_seopress_robots_primary_cat":"","_seopress_titles_title":"","_seopress_titles_desc":"","_seopress_robots_index":"","_et_pb_use_builder":"","_et_pb_old_content":"","_et_gb_content_width":"","inline_featured_image":false,"footnotes":""},"categories":[14],"tags":[],"class_list":["post-355596","post","type-post","status-publish","format-standard","has-post-thumbnail","hentry","category-vijesti"],"_links":{"self":[{"href":"https:\/\/www.pcnen.com\/portal\/wp-json\/wp\/v2\/posts\/355596","targetHints":{"allow":["GET"]}}],"collection":[{"href":"https:\/\/www.pcnen.com\/portal\/wp-json\/wp\/v2\/posts"}],"about":[{"href":"https:\/\/www.pcnen.com\/portal\/wp-json\/wp\/v2\/types\/post"}],"author":[{"embeddable":true,"href":"https:\/\/www.pcnen.com\/portal\/wp-json\/wp\/v2\/users\/1"}],"replies":[{"embeddable":true,"href":"https:\/\/www.pcnen.com\/portal\/wp-json\/wp\/v2\/comments?post=355596"}],"version-history":[{"count":1,"href":"https:\/\/www.pcnen.com\/portal\/wp-json\/wp\/v2\/posts\/355596\/revisions"}],"predecessor-version":[{"id":355597,"href":"https:\/\/www.pcnen.com\/portal\/wp-json\/wp\/v2\/posts\/355596\/revisions\/355597"}],"wp:featuredmedia":[{"embeddable":true,"href":"https:\/\/www.pcnen.com\/portal\/wp-json\/wp\/v2\/media\/323001"}],"wp:attachment":[{"href":"https:\/\/www.pcnen.com\/portal\/wp-json\/wp\/v2\/media?parent=355596"}],"wp:term":[{"taxonomy":"category","embeddable":true,"href":"https:\/\/www.pcnen.com\/portal\/wp-json\/wp\/v2\/categories?post=355596"},{"taxonomy":"post_tag","embeddable":true,"href":"https:\/\/www.pcnen.com\/portal\/wp-json\/wp\/v2\/tags?post=355596"}],"curies":[{"name":"wp","href":"https:\/\/api.w.org\/{rel}","templated":true}]}}