{"id":355592,"date":"2022-09-20T15:51:00","date_gmt":"2022-09-20T13:51:00","guid":{"rendered":"https:\/\/www.pcnen.com\/portal\/?p=355592"},"modified":"2022-09-20T16:44:05","modified_gmt":"2022-09-20T14:44:05","slug":"bivsi-sef-anb-i-premijer-osnivaju-demohriscanki-pokret","status":"publish","type":"post","link":"https:\/\/www.pcnen.com\/portal\/2022\/09\/20\/bivsi-sef-anb-i-premijer-osnivaju-demohriscanki-pokret\/","title":{"rendered":"Biv\u0161i \u0161ef ANB i premijer osnivaju demohri\u0161\u0107anki pokret"},"content":{"rendered":"<p>Vuk\u0161i\u0107 je najavio da \u0107e on i Krivokapi\u0107 22. septembra odr\u017eati konferenciju za novinare i obnarodovati osnivanje svoga politi\u010dkog pokreta.<\/p>\n<p>O osnivanju politi\u010dke organizacije demohri\u0161\u0107anske profilacije spekulisalo se jo\u0161 dok je Krivokapi\u0107 bio na du\u017enosti premijera.<\/p>\n<p>&nbsp;<\/p>\n<blockquote class=\"wp-embedded-content\" data-secret=\"u2rKzmMmph\"><p><a href=\"https:\/\/www.pcnen.com\/portal\/2022\/08\/23\/bivsi-premijer-i-bivsi-sef-anb-osnivaju-partiju\/\">Biv\u0161i premijer i biv\u0161i \u0161ef ANB osnivaju partiju?<\/a><\/p><\/blockquote>\n<p><iframe loading=\"lazy\" class=\"wp-embedded-content\" sandbox=\"allow-scripts\" security=\"restricted\" style=\"position: absolute; clip: rect(1px, 1px, 1px, 1px);\" title=\"&#8220;Biv\u0161i premijer i biv\u0161i \u0161ef ANB osnivaju partiju?&#8221; &#8212; PCNEN\" src=\"https:\/\/www.pcnen.com\/portal\/2022\/08\/23\/bivsi-premijer-i-bivsi-sef-anb-osnivaju-partiju\/embed\/#?secret=W4Co04e36L#?secret=u2rKzmMmph\" data-secret=\"u2rKzmMmph\" width=\"600\" height=\"338\" frameborder=\"0\" marginwidth=\"0\" marginheight=\"0\" scrolling=\"no\"><\/iframe><\/p>\n","protected":false},"excerpt":{"rendered":"<p>Biv\u0161i direktor Agencije za dr\u017eavnu bezbjednost, advokat Dejan Vuk\u0161i\u0107, obavijestio je danas medije da \u0107e on i biv\u0161i predsjednik Vlade Crne Gore Zdravko Krivokapi\u0107 osnovati Demohri\u0161\u0107anski pokret.<\/p>\n","protected":false},"author":1,"featured_media":355593,"comment_status":"open","ping_status":"closed","sticky":false,"template":"","format":"standard","meta":{"_seopress_robots_primary_cat":"","_seopress_titles_title":"","_seopress_titles_desc":"","_seopress_robots_index":"","_et_pb_use_builder":"","_et_pb_old_content":"","_et_gb_content_width":"","inline_featured_image":false,"footnotes":""},"categories":[14],"tags":[],"class_list":["post-355592","post","type-post","status-publish","format-standard","has-post-thumbnail","hentry","category-vijesti"],"_links":{"self":[{"href":"https:\/\/www.pcnen.com\/portal\/wp-json\/wp\/v2\/posts\/355592","targetHints":{"allow":["GET"]}}],"collection":[{"href":"https:\/\/www.pcnen.com\/portal\/wp-json\/wp\/v2\/posts"}],"about":[{"href":"https:\/\/www.pcnen.com\/portal\/wp-json\/wp\/v2\/types\/post"}],"author":[{"embeddable":true,"href":"https:\/\/www.pcnen.com\/portal\/wp-json\/wp\/v2\/users\/1"}],"replies":[{"embeddable":true,"href":"https:\/\/www.pcnen.com\/portal\/wp-json\/wp\/v2\/comments?post=355592"}],"version-history":[{"count":2,"href":"https:\/\/www.pcnen.com\/portal\/wp-json\/wp\/v2\/posts\/355592\/revisions"}],"predecessor-version":[{"id":355598,"href":"https:\/\/www.pcnen.com\/portal\/wp-json\/wp\/v2\/posts\/355592\/revisions\/355598"}],"wp:featuredmedia":[{"embeddable":true,"href":"https:\/\/www.pcnen.com\/portal\/wp-json\/wp\/v2\/media\/355593"}],"wp:attachment":[{"href":"https:\/\/www.pcnen.com\/portal\/wp-json\/wp\/v2\/media?parent=355592"}],"wp:term":[{"taxonomy":"category","embeddable":true,"href":"https:\/\/www.pcnen.com\/portal\/wp-json\/wp\/v2\/categories?post=355592"},{"taxonomy":"post_tag","embeddable":true,"href":"https:\/\/www.pcnen.com\/portal\/wp-json\/wp\/v2\/tags?post=355592"}],"curies":[{"name":"wp","href":"https:\/\/api.w.org\/{rel}","templated":true}]}}