{"id":355571,"date":"2022-09-20T11:57:58","date_gmt":"2022-09-20T09:57:58","guid":{"rendered":"https:\/\/www.pcnen.com\/portal\/?p=355571"},"modified":"2022-09-20T11:57:58","modified_gmt":"2022-09-20T09:57:58","slug":"ne-prestaju-sajber-napadi-na-infrastrukturu-vlade-cg","status":"publish","type":"post","link":"https:\/\/www.pcnen.com\/portal\/2022\/09\/20\/ne-prestaju-sajber-napadi-na-infrastrukturu-vlade-cg\/","title":{"rendered":"Ne prestaju sajber napadi na infrastrukturu Vlade CG"},"content":{"rendered":"<p>&#8220;Mi definitivno ne mo\u017eemo da odahnemo. Ono \u0161to je optimisti\u010dno jeste da smo uspeli da pre\u0111emo i postignemo stepen remedijacije i vra\u0107amo pojedine servise&#8221;, kazao je za TVCG Du\u0161an Polovi\u0107 iz Ministarstva javne uprave govore\u0107i o najve\u0107im sajber napadima koji su Crnu Goru zadesili pre nepun mesec.<\/p>\n<p>Kao prve rezultate koje su postigli u vra\u0107anju pogo\u0111enih servisa, Polovi\u0107 navodi pu\u0161tanje portala gov.me od petka ve\u010de i nada se da \u0107e tokom ove sedmice podi\u0107i portal za javne nabavke, \u0161to je od velikog zna\u010daja i za gra\u0111ane i druge organe.<\/p>\n<p>\u201cUpravo javne nabavke suu proteklom periodu najvi\u0161e trpele. Zaustavljeni su dr\u017eavni tenderi, samim tim ote\u017ean je rad pojedinih institucija. Iz Ministarstva finansija me\u0111utim poru\u010duju da se o nov\u010danim gubicima jo\u0161 ne mo\u017ee govoriti. U ovom trenutku \u0161to se ti\u010de postupaka ne postoji na\u010din na koji bismo mogli percipirati koliki je to finansijski gubitak, jer takvih gubitaka ne mo\u017ee biti u finansijskom smislu, mo\u017ee biti odre\u0111enog ka\u0161njenja u pru\u017eanju odre\u0111enog predmeta nabavke&#8221;, kazala je Jelena Joveti\u0107 iz Ministarstva finansija.<\/p>\n","protected":false},"excerpt":{"rendered":"<p>Sajber napadi na infrastrukturu Vlade Crne Gore ne prestaju, ali se pojedini servisi vra\u0107aju, dok o finansijskim gubicima nadle\u017eni jo\u0161 ne mogu da govore, prenosi RTCG pozivaju\u0107i se na izjave zvani\u010dnika nadle\u017enih ministarstava.<\/p>\n","protected":false},"author":1,"featured_media":0,"comment_status":"open","ping_status":"closed","sticky":false,"template":"","format":"standard","meta":{"_seopress_robots_primary_cat":"","_seopress_titles_title":"","_seopress_titles_desc":"","_seopress_robots_index":"","_et_pb_use_builder":"","_et_pb_old_content":"","_et_gb_content_width":"","inline_featured_image":false,"footnotes":""},"categories":[14],"tags":[],"class_list":["post-355571","post","type-post","status-publish","format-standard","hentry","category-vijesti"],"_links":{"self":[{"href":"https:\/\/www.pcnen.com\/portal\/wp-json\/wp\/v2\/posts\/355571","targetHints":{"allow":["GET"]}}],"collection":[{"href":"https:\/\/www.pcnen.com\/portal\/wp-json\/wp\/v2\/posts"}],"about":[{"href":"https:\/\/www.pcnen.com\/portal\/wp-json\/wp\/v2\/types\/post"}],"author":[{"embeddable":true,"href":"https:\/\/www.pcnen.com\/portal\/wp-json\/wp\/v2\/users\/1"}],"replies":[{"embeddable":true,"href":"https:\/\/www.pcnen.com\/portal\/wp-json\/wp\/v2\/comments?post=355571"}],"version-history":[{"count":1,"href":"https:\/\/www.pcnen.com\/portal\/wp-json\/wp\/v2\/posts\/355571\/revisions"}],"predecessor-version":[{"id":355572,"href":"https:\/\/www.pcnen.com\/portal\/wp-json\/wp\/v2\/posts\/355571\/revisions\/355572"}],"wp:attachment":[{"href":"https:\/\/www.pcnen.com\/portal\/wp-json\/wp\/v2\/media?parent=355571"}],"wp:term":[{"taxonomy":"category","embeddable":true,"href":"https:\/\/www.pcnen.com\/portal\/wp-json\/wp\/v2\/categories?post=355571"},{"taxonomy":"post_tag","embeddable":true,"href":"https:\/\/www.pcnen.com\/portal\/wp-json\/wp\/v2\/tags?post=355571"}],"curies":[{"name":"wp","href":"https:\/\/api.w.org\/{rel}","templated":true}]}}