{"id":355559,"date":"2022-09-20T11:05:06","date_gmt":"2022-09-20T09:05:06","guid":{"rendered":"https:\/\/www.pcnen.com\/portal\/?p=355559"},"modified":"2022-09-20T11:08:37","modified_gmt":"2022-09-20T09:08:37","slug":"na-danasnji-dan-cg-proglasena-ekoloskom-drzavom","status":"publish","type":"post","link":"https:\/\/www.pcnen.com\/portal\/2022\/09\/20\/na-danasnji-dan-cg-proglasena-ekoloskom-drzavom\/","title":{"rendered":"Na dana\u0161nji dan CG progla\u0161ena ekolo\u0161kom dr\u017eavom"},"content":{"rendered":"<p>Deklaracija o ekolo\u0161koj dr\u017eavi Crnoj Gori usvojena je na sjednici republi\u010dkog parlamenta koja je odr\u017eana na otvorenom na \u017dabljaku 20. septembra 1991.<\/p>\n<p>U deklaraciji je definisano strate\u0161ko opredjeljenje dr\u017eave da usvaja i primenjuje najvi\u0161e standarde i norme iz oblasti za\u0161tite \u017eivotne sredine, o\u010duvanja prirode i ekonomskog razvoja na principima ekolo\u0161ki odr\u017eivog sistema.<\/p>\n<p>Ministarka ekologije, prostornog planiranja i urbanizma Ana Novakovi\u0107 \u0110urovi\u0107 rekla je u Bojama jutra na Televiziji Vijesti, da je \u010dinjenica da jo\u0161 nemamo puno razloga za slavlje, prenosi Dan.<\/p>\n<p>Ona smatra da je va\u017eno da se dr\u017eava odredila i pokazala da razumije va\u017enost \u010dinjenice i da smo Ustavom definisani kao ekolo\u0161ka dr\u017eava.<\/p>\n<p>&#8220;To nije standard koji smo mi jo\u0161 dostigli ali isto tako nije nedosti\u017ean, potrebno je vrijeme, odlu\u010dnost institucija ali i cjelokupne javnosti&#8221;, rekla je Novakovi\u0107 \u0110urovi\u0107.<\/p>\n<p>Ona je ocijenila da se mora dosta raditi na podizanju ekolo\u0161ke svijesti. Ove godine se prvi put 20. septembar obilje\u017eava i kao dr\u017eavni praznik Dan ekolo\u0161ke dr\u017eave.<\/p>\n<p>&nbsp;<\/p>\n<blockquote>\n<h3><em>DEKLARACIJA O EKOLO\u0160KOJ DR\u017dAVI CRNOJ GORI<\/em><\/h3>\n<p><em>Mi, poslanici Skup\u0161tine Republike Crne Gore, svjesni smo da je, zbog ugro\u017eavanja prirode, za\u0161tita identiteta prostora na kome \u017eivimo i djelujemo postala na\u0161 neodlo\u017ean i pravovremeni posao.<\/em><\/p>\n<p><em>Svjesni duga prema prirodi, izvoru na\u0161eg zdravlja i inspiraciji na\u0161e slobode i kulture, posve\u0107ujemo se njenoj za\u0161titi u ime sopstvenog ostanka i budu\u0107nosti potomstva.<\/em><\/p>\n<p><em>Prihvatamo da ni jedna razlika me\u0111u nama nije toliko velika koliko su velike promjene kojima je izlo\u017eeno na\u0161e prirodno okru\u017eenje. Bez obzira na na\u0161a nacionalna, vjerska, politi\u010dka i druga ubje\u0111enja i osje\u0107anja, znamo i prihvatamo da su dostojanstvo i svetinja ljudskog bi\u0107a organski povezani sa svetinjom i \u010distotom prirode.<\/em><\/p>\n<p><em>\u010covjek i priroda u njemu i oko njega cjlovito su jedno u svojim dubinama i po svom smislu i nazna\u010denju.<\/em><\/p>\n<p><em>Stoga je oduvijek zloupotrebu \u010dovjeka pratila zloupotreba prirode. Zato opredjeljuju\u0107i se i bore\u0107i se za dostojanstvo \u010dovjeka pozvani smo da se borimo i za dostojanstvo prirode.<\/em><\/p>\n<p><em>Dono\u0161enjem ove Deklaracije, Crna Gora prema prirodi uspostavlja dr\u017eavni odnos i poziva na mudrost sve ljude da sprije\u010de ekolo\u0161ku katastrofu koja nam prijeti.<\/em><\/p>\n<p><em>\u017dabljak, 20. septembra 1991. godine<\/em><\/p>\n<p><em>Skup\u0161tina Republike Crne Gore<\/em><\/p><\/blockquote>\n","protected":false},"excerpt":{"rendered":"<p>\u00a0Crna Gora obilje\u017eava danas 31 godinu od progla\u0161enja za prvu ekolo\u0161ku dr\u017eavu na svijetu.<\/p>\n","protected":false},"author":1,"featured_media":355560,"comment_status":"open","ping_status":"closed","sticky":false,"template":"","format":"standard","meta":{"_seopress_robots_primary_cat":"","_seopress_titles_title":"","_seopress_titles_desc":"","_seopress_robots_index":"","_et_pb_use_builder":"","_et_pb_old_content":"","_et_gb_content_width":"","inline_featured_image":false,"footnotes":""},"categories":[14],"tags":[],"class_list":["post-355559","post","type-post","status-publish","format-standard","has-post-thumbnail","hentry","category-vijesti"],"_links":{"self":[{"href":"https:\/\/www.pcnen.com\/portal\/wp-json\/wp\/v2\/posts\/355559","targetHints":{"allow":["GET"]}}],"collection":[{"href":"https:\/\/www.pcnen.com\/portal\/wp-json\/wp\/v2\/posts"}],"about":[{"href":"https:\/\/www.pcnen.com\/portal\/wp-json\/wp\/v2\/types\/post"}],"author":[{"embeddable":true,"href":"https:\/\/www.pcnen.com\/portal\/wp-json\/wp\/v2\/users\/1"}],"replies":[{"embeddable":true,"href":"https:\/\/www.pcnen.com\/portal\/wp-json\/wp\/v2\/comments?post=355559"}],"version-history":[{"count":4,"href":"https:\/\/www.pcnen.com\/portal\/wp-json\/wp\/v2\/posts\/355559\/revisions"}],"predecessor-version":[{"id":355564,"href":"https:\/\/www.pcnen.com\/portal\/wp-json\/wp\/v2\/posts\/355559\/revisions\/355564"}],"wp:featuredmedia":[{"embeddable":true,"href":"https:\/\/www.pcnen.com\/portal\/wp-json\/wp\/v2\/media\/355560"}],"wp:attachment":[{"href":"https:\/\/www.pcnen.com\/portal\/wp-json\/wp\/v2\/media?parent=355559"}],"wp:term":[{"taxonomy":"category","embeddable":true,"href":"https:\/\/www.pcnen.com\/portal\/wp-json\/wp\/v2\/categories?post=355559"},{"taxonomy":"post_tag","embeddable":true,"href":"https:\/\/www.pcnen.com\/portal\/wp-json\/wp\/v2\/tags?post=355559"}],"curies":[{"name":"wp","href":"https:\/\/api.w.org\/{rel}","templated":true}]}}