{"id":355538,"date":"2022-09-19T22:26:41","date_gmt":"2022-09-19T20:26:41","guid":{"rendered":"https:\/\/www.pcnen.com\/portal\/?p=355538"},"modified":"2022-09-19T22:26:41","modified_gmt":"2022-09-19T20:26:41","slug":"srna-iskljucena-iz-asocijacije-balkanskih-novinskih-agencija","status":"publish","type":"post","link":"https:\/\/www.pcnen.com\/portal\/2022\/09\/19\/srna-iskljucena-iz-asocijacije-balkanskih-novinskih-agencija\/","title":{"rendered":"Srna isklju\u010dena iz Asocijacije balkanskih novinskih agencija"},"content":{"rendered":"<p>Taj status dat je agenciji FENA iz Federacije, na Skup\u0161tini Asocijacije u bugarskom gradu Burgasu.<\/p>\n<p>\u201cTo je sramna i poni\u017eavaju\u0107a odluka za Srnu koja je nakon dvije decenije aktivnog \u010dlanstva isklju\u010dena iz ove asocijacije\u201d, izjavila je za RTRS Tatjana Para\u0111ina, v.d. direktora Srne.<\/p>\n<p>\u201c\u0408asno je da su u osnovu razlozi politi\u010dke prirode. Ako vidimo sastav ko je odlu\u010divao o tome: agencije samoprogla\u0161enog Kosova- nepriznate Republike, Agencija Albaanije, Turske. Srna da se isklju\u010di da nema pravo glasa. \u0408asno je da je to politi\u010dki. Srna koja je formirana prije 30 godina i Fena 10 godina poslije ima prednost u Asocijaciji, jasno je da je u pitanju politika\u201d, \u00a0rekla je Para\u0111ina.<\/p>\n","protected":false},"excerpt":{"rendered":"<p>Novinska agencija Republike Srpske &#8211; Srna nakon dvije decenije isklju\u010dena je, kao punopravni \u010dlan s pravom glasa, iz Asocijacije balkanskih novinskih agencija.<\/p>\n","protected":false},"author":1,"featured_media":355540,"comment_status":"open","ping_status":"closed","sticky":false,"template":"","format":"standard","meta":{"_seopress_robots_primary_cat":"","_seopress_titles_title":"","_seopress_titles_desc":"","_seopress_robots_index":"","_et_pb_use_builder":"","_et_pb_old_content":"","_et_gb_content_width":"","inline_featured_image":false,"footnotes":""},"categories":[14],"tags":[],"class_list":["post-355538","post","type-post","status-publish","format-standard","has-post-thumbnail","hentry","category-vijesti"],"_links":{"self":[{"href":"https:\/\/www.pcnen.com\/portal\/wp-json\/wp\/v2\/posts\/355538","targetHints":{"allow":["GET"]}}],"collection":[{"href":"https:\/\/www.pcnen.com\/portal\/wp-json\/wp\/v2\/posts"}],"about":[{"href":"https:\/\/www.pcnen.com\/portal\/wp-json\/wp\/v2\/types\/post"}],"author":[{"embeddable":true,"href":"https:\/\/www.pcnen.com\/portal\/wp-json\/wp\/v2\/users\/1"}],"replies":[{"embeddable":true,"href":"https:\/\/www.pcnen.com\/portal\/wp-json\/wp\/v2\/comments?post=355538"}],"version-history":[{"count":1,"href":"https:\/\/www.pcnen.com\/portal\/wp-json\/wp\/v2\/posts\/355538\/revisions"}],"predecessor-version":[{"id":355541,"href":"https:\/\/www.pcnen.com\/portal\/wp-json\/wp\/v2\/posts\/355538\/revisions\/355541"}],"wp:featuredmedia":[{"embeddable":true,"href":"https:\/\/www.pcnen.com\/portal\/wp-json\/wp\/v2\/media\/355540"}],"wp:attachment":[{"href":"https:\/\/www.pcnen.com\/portal\/wp-json\/wp\/v2\/media?parent=355538"}],"wp:term":[{"taxonomy":"category","embeddable":true,"href":"https:\/\/www.pcnen.com\/portal\/wp-json\/wp\/v2\/categories?post=355538"},{"taxonomy":"post_tag","embeddable":true,"href":"https:\/\/www.pcnen.com\/portal\/wp-json\/wp\/v2\/tags?post=355538"}],"curies":[{"name":"wp","href":"https:\/\/api.w.org\/{rel}","templated":true}]}}