{"id":355532,"date":"2022-09-19T20:09:41","date_gmt":"2022-09-19T18:09:41","guid":{"rendered":"https:\/\/www.pcnen.com\/portal\/?p=355532"},"modified":"2022-09-19T20:09:41","modified_gmt":"2022-09-19T18:09:41","slug":"najvisa-dnevna-temperatura-do-25-stepeni","status":"publish","type":"post","link":"https:\/\/www.pcnen.com\/portal\/2022\/09\/19\/najvisa-dnevna-temperatura-do-25-stepeni\/","title":{"rendered":"Najvi\u0161a dnevna temperatura do 25 stepeni"},"content":{"rendered":"<p>Na sjeveru zemlje bi\u0107e promjenljivo obla\u010dno sa sun\u010danim intervalima. Uglavnom \u0107e biti suvo ili uz rijetku kratkotrajno slabu ki\u0161u.<\/p>\n<p>Dominantno sjeveroisto\u010dni vjetar bi\u0107e slab do umjeren. Vjetar \u0107e ponegdje, tokom jutra i no\u0107i, biti povremeno i poja\u010dan.<\/p>\n<p>Jutarnja temperatura vazduha bi\u0107e u rasponu od 0 do 16, a najvi\u0161a dnevna od 11 do 25 stepeni.<\/p>\n<p>U Podgorici bi\u0107e prete\u017eno sun\u010dano, uz slab i umjeren razvoj obla\u010dnosti.<\/p>\n<p>Vjetar \u0107e biti promjenljiv i slab do umjeren. U jutarnjim i no\u0107nim satima duva\u0107e povremeno umjeren sjeveroisto\u010dnjak.<\/p>\n<p>Jutarnja temperatura vazduha bi\u0107e oko 15, a najvi\u0161a dnevna do 24 stepena.<\/p>\n<p>Ra\u010dunarska prognoza.<\/p>\n","protected":false},"excerpt":{"rendered":"<p>Na jugu Crne Gore \u0107e biti ne\u0161to vi\u0161e obla\u010dnosti ujutru, a tokom dana bi\u0107e prete\u017eno sun\u010dano, uz slab do umjeren razvoj obla\u010dnosti.<\/p>\n","protected":false},"author":1,"featured_media":329362,"comment_status":"open","ping_status":"closed","sticky":false,"template":"","format":"standard","meta":{"_seopress_robots_primary_cat":"","_seopress_titles_title":"","_seopress_titles_desc":"","_seopress_robots_index":"","_et_pb_use_builder":"","_et_pb_old_content":"","_et_gb_content_width":"","inline_featured_image":false,"footnotes":""},"categories":[14],"tags":[],"class_list":["post-355532","post","type-post","status-publish","format-standard","has-post-thumbnail","hentry","category-vijesti"],"_links":{"self":[{"href":"https:\/\/www.pcnen.com\/portal\/wp-json\/wp\/v2\/posts\/355532","targetHints":{"allow":["GET"]}}],"collection":[{"href":"https:\/\/www.pcnen.com\/portal\/wp-json\/wp\/v2\/posts"}],"about":[{"href":"https:\/\/www.pcnen.com\/portal\/wp-json\/wp\/v2\/types\/post"}],"author":[{"embeddable":true,"href":"https:\/\/www.pcnen.com\/portal\/wp-json\/wp\/v2\/users\/1"}],"replies":[{"embeddable":true,"href":"https:\/\/www.pcnen.com\/portal\/wp-json\/wp\/v2\/comments?post=355532"}],"version-history":[{"count":1,"href":"https:\/\/www.pcnen.com\/portal\/wp-json\/wp\/v2\/posts\/355532\/revisions"}],"predecessor-version":[{"id":355533,"href":"https:\/\/www.pcnen.com\/portal\/wp-json\/wp\/v2\/posts\/355532\/revisions\/355533"}],"wp:featuredmedia":[{"embeddable":true,"href":"https:\/\/www.pcnen.com\/portal\/wp-json\/wp\/v2\/media\/329362"}],"wp:attachment":[{"href":"https:\/\/www.pcnen.com\/portal\/wp-json\/wp\/v2\/media?parent=355532"}],"wp:term":[{"taxonomy":"category","embeddable":true,"href":"https:\/\/www.pcnen.com\/portal\/wp-json\/wp\/v2\/categories?post=355532"},{"taxonomy":"post_tag","embeddable":true,"href":"https:\/\/www.pcnen.com\/portal\/wp-json\/wp\/v2\/tags?post=355532"}],"curies":[{"name":"wp","href":"https:\/\/api.w.org\/{rel}","templated":true}]}}