{"id":355526,"date":"2022-09-19T18:57:42","date_gmt":"2022-09-19T16:57:42","guid":{"rendered":"https:\/\/www.pcnen.com\/portal\/?p=355526"},"modified":"2022-09-19T19:11:54","modified_gmt":"2022-09-19T17:11:54","slug":"mandic-obavijestio-dukanovica-da-je-lekic-predlozen-za-mandatara","status":"publish","type":"post","link":"https:\/\/www.pcnen.com\/portal\/2022\/09\/19\/mandic-obavijestio-dukanovica-da-je-lekic-predlozen-za-mandatara\/","title":{"rendered":"Mandi\u0107 obavijestio \u0110ukanovi\u0107a da je Leki\u0107 predlo\u017een za mandatara"},"content":{"rendered":"<p>U pismu Mandi\u0107 obavje\u0161tava da su politi\u010dke stranke, pobjednice izbora 2020. godine, Nova srpska demokratija, Demokratska Crna Gora, Demokratska narodna partija, Pokret za promjene, Socijalisti\u010dka narodna partija, Ujedinjena reformska akcija, Radni\u010dka partija, Ujedinjena Crna Gora, Prava Crna Gora, CIVIS i Demos, postigle politi\u010dki dogovor da mandatar za sastav nove Vlade bude Miodrag Leki\u0107. Sa tom odlukom su sve pobrojane stranke, pojedina\u010dno, na dana\u0161njoj konferenciji za novinare, upoznale doma\u0107u i me\u0111unarodnu javnost.<\/p>\n<p>&#8220;Tim dogovorom, omogu\u0107eno je da se izabere demokratska i legitimna Vlada jer za to postoji saglasnost svih nas koji \u010dinimo apsolutnu ve\u0107inu u Parlamentu, \u010dime su se stekli uslovi da se, u skladu sa Ustavom, mandat za sastav slede\u0107e Vlade povjeri\u00a0 gosdpodinu Miodragu Leki\u0107u. \u017delim da Vas obavijestim da su razgovori parlamentarne ve\u0107ine bili veoma uspje\u0161ni i da smo u dosada\u0161njem radu daleko odmakli u saglasnosti vezano za program i sastav nove Vlade, kao i u pripremi koalicionog ugovora kojeg \u0107emo zaklju\u010diti neposredno prije njenog izbora u Parlamentu. Va\u0161im dana\u0161njim davanjem mandata, stvorila bi se neophodna osnova za konsolidaciju dru\u0161tva i efikasni odgovor na socioekonomsku krizu koja je zahvatila \u010ditav evropski kontinent, pa i na\u0161u dr\u017eavu, kao i na bezbjednosne izazove i probleme koji u dugom vremenskom roku potresaju zemlju&#8221;, navodi se u pismu.<\/p>\n<p>Mandi\u0107 o\u010dekuje da \u0107e \u0110ukanovi\u0107 postupiti isto kao i u slu\u010daju izbora prethodne vlade i pokazati du\u017enu efikasnost kako bi se nova Vlada u izuzetno kratkom roku posvetila \u017eivotnim prioritetima Crne Gore.<\/p>\n<p>&nbsp;<\/p>\n<blockquote class=\"wp-embedded-content\" data-secret=\"t5Lv4sDVyl\"><p><a href=\"https:\/\/www.pcnen.com\/portal\/2022\/09\/15\/df-nece-na-konsultacije-kod-dukanovica\/\">DF ne\u0107e na konsultacije kod \u0110ukanovi\u0107a<\/a><\/p><\/blockquote>\n<p><iframe loading=\"lazy\" class=\"wp-embedded-content\" sandbox=\"allow-scripts\" security=\"restricted\" style=\"position: absolute; clip: rect(1px, 1px, 1px, 1px);\" title=\"&#8220;DF ne\u0107e na konsultacije kod \u0110ukanovi\u0107a&#8221; &#8212; PCNEN\" src=\"https:\/\/www.pcnen.com\/portal\/2022\/09\/15\/df-nece-na-konsultacije-kod-dukanovica\/embed\/#?secret=v3vVbGcy4Y#?secret=t5Lv4sDVyl\" data-secret=\"t5Lv4sDVyl\" width=\"600\" height=\"338\" frameborder=\"0\" marginwidth=\"0\" marginheight=\"0\" scrolling=\"no\"><\/iframe><\/p>\n<p>&nbsp;<\/p>\n<blockquote class=\"wp-embedded-content\" data-secret=\"wg4JiKd0EZ\"><p><a href=\"https:\/\/www.pcnen.com\/portal\/2022\/09\/19\/lekic-prihvatljiv-za-mandatara-ali-nije-jos-sve-gotovo\/\">Leki\u0107 prihvatljiv za mandatara, ali nije jo\u0161 sve gotovo<\/a><\/p><\/blockquote>\n<p><iframe loading=\"lazy\" class=\"wp-embedded-content\" sandbox=\"allow-scripts\" security=\"restricted\" style=\"position: absolute; clip: rect(1px, 1px, 1px, 1px);\" title=\"&#8220;Leki\u0107 prihvatljiv za mandatara, ali nije jo\u0161 sve gotovo&#8221; &#8212; PCNEN\" src=\"https:\/\/www.pcnen.com\/portal\/2022\/09\/19\/lekic-prihvatljiv-za-mandatara-ali-nije-jos-sve-gotovo\/embed\/#?secret=WzAAbns7BA#?secret=wg4JiKd0EZ\" data-secret=\"wg4JiKd0EZ\" width=\"600\" height=\"338\" frameborder=\"0\" marginwidth=\"0\" marginheight=\"0\" scrolling=\"no\"><\/iframe><\/p>\n","protected":false},"excerpt":{"rendered":"<p>Jedna od lidera DF-a Andrija Mandi\u0107 obavijestio je predsjednika Crne Gore Mila \u0110ukanovi\u0107a da je skup\u0161tinska ve\u0107ina predlo\u017eila Miodraga Leki\u0107a za mandatara za sastav nove vlade.<\/p>\n","protected":false},"author":1,"featured_media":343747,"comment_status":"open","ping_status":"closed","sticky":false,"template":"","format":"standard","meta":{"_seopress_robots_primary_cat":"","_seopress_titles_title":"","_seopress_titles_desc":"","_seopress_robots_index":"","_et_pb_use_builder":"","_et_pb_old_content":"","_et_gb_content_width":"","inline_featured_image":false,"footnotes":""},"categories":[14],"tags":[],"class_list":["post-355526","post","type-post","status-publish","format-standard","has-post-thumbnail","hentry","category-vijesti"],"_links":{"self":[{"href":"https:\/\/www.pcnen.com\/portal\/wp-json\/wp\/v2\/posts\/355526","targetHints":{"allow":["GET"]}}],"collection":[{"href":"https:\/\/www.pcnen.com\/portal\/wp-json\/wp\/v2\/posts"}],"about":[{"href":"https:\/\/www.pcnen.com\/portal\/wp-json\/wp\/v2\/types\/post"}],"author":[{"embeddable":true,"href":"https:\/\/www.pcnen.com\/portal\/wp-json\/wp\/v2\/users\/1"}],"replies":[{"embeddable":true,"href":"https:\/\/www.pcnen.com\/portal\/wp-json\/wp\/v2\/comments?post=355526"}],"version-history":[{"count":2,"href":"https:\/\/www.pcnen.com\/portal\/wp-json\/wp\/v2\/posts\/355526\/revisions"}],"predecessor-version":[{"id":355531,"href":"https:\/\/www.pcnen.com\/portal\/wp-json\/wp\/v2\/posts\/355526\/revisions\/355531"}],"wp:featuredmedia":[{"embeddable":true,"href":"https:\/\/www.pcnen.com\/portal\/wp-json\/wp\/v2\/media\/343747"}],"wp:attachment":[{"href":"https:\/\/www.pcnen.com\/portal\/wp-json\/wp\/v2\/media?parent=355526"}],"wp:term":[{"taxonomy":"category","embeddable":true,"href":"https:\/\/www.pcnen.com\/portal\/wp-json\/wp\/v2\/categories?post=355526"},{"taxonomy":"post_tag","embeddable":true,"href":"https:\/\/www.pcnen.com\/portal\/wp-json\/wp\/v2\/tags?post=355526"}],"curies":[{"name":"wp","href":"https:\/\/api.w.org\/{rel}","templated":true}]}}