{"id":355512,"date":"2022-09-19T15:31:19","date_gmt":"2022-09-19T13:31:19","guid":{"rendered":"https:\/\/www.pcnen.com\/portal\/?p=355512"},"modified":"2022-09-19T15:31:19","modified_gmt":"2022-09-19T13:31:19","slug":"cgo-upozorava-ministra-prosvjete-ne-ulazite-u-zonu-krivicne-odgovornosti","status":"publish","type":"post","link":"https:\/\/www.pcnen.com\/portal\/2022\/09\/19\/cgo-upozorava-ministra-prosvjete-ne-ulazite-u-zonu-krivicne-odgovornosti\/","title":{"rendered":"CGO upozorava ministra prosvjete: Ne ulazite u zonu krivi\u010dne odgovornosti"},"content":{"rendered":"<p>\u201cCGO cijeni da sa zahtjevom za opredjeljivanje 900.000 eura iz Bud\u017eeta Crne Gore za finansiranje dvije privatne ustanove koje nijesu licencirane u skladu sa zakonskom procedurom ministar ulazi u zonu krivi\u010dne i prekr\u0161ajne odgovornosti\u201d, upozoravaju iz CGO.<\/p>\n<p>CGO navodi da je biv\u0161a ministarka prosvjete, nauke, kulture i sporta, Vesna Brati\u0107, u aprilu 2022, kada je vladi ve\u0107 bilo izglasano nepovjerenje, izdala rje\u0161enje o licenciranju pomenutih ustanova upitne zakonitosti.<\/p>\n<p>CGO podsje\u0107a na to da se licenca za privatnu ustanovu obrazovanja i vaspitanja, \u201cizme\u0111u ostalog, ostvaruje se na osnovu obrazovnog programa (kurikuluma), a javno va\u017ee\u0107i postaje kada ga donese Ministarstvo nakon odobrenja Nacionalnog savjeta za obrazovanje kao nadle\u017enog tijela\u201d. \u201cNacionalni savjet u aprilu 2022. godine nije postojao, jer mu je u septembru 2021. godine istekao mandat, a \u0161to je dodatno pitanje nea\u017eurnosti tada\u0161nje ministarke da ovo pitanje pokrene na Vladi. Iz ovog je bjelodano da navedene privatne ustanove nisu mogle dobiti licencu za \u00a0rad, a posljedi\u010dno nezakonito bi bilo i njihovo finansiranje iz Bud\u017eeta\u201d.<\/p>\n","protected":false},"excerpt":{"rendered":"<p>Centar za gra\u0111ansko obrazovanje (CGO) je danas uputio inicijativu ministru prosvjete u Vladi Crne Gore, Miomiru Vojinovi\u0107u za preispitivanje zakonitosti licenciranja privatnih ustanova Srednja vjerska \u0161kola \u2018Sveti Sava\u2019 iz Podgorice i Gimnazija \u2018Mitropolit Sava had\u017ei Kosanovi\u0107\u2019 iz Nik\u0161i\u0107a i povla\u010denje zahtjeva za njihovo finansiranje iz dr\u017eavnog bud\u017eeta.<\/p>\n","protected":false},"author":1,"featured_media":0,"comment_status":"open","ping_status":"closed","sticky":false,"template":"","format":"standard","meta":{"_seopress_robots_primary_cat":"","_seopress_titles_title":"","_seopress_titles_desc":"","_seopress_robots_index":"","_et_pb_use_builder":"","_et_pb_old_content":"","_et_gb_content_width":"","inline_featured_image":false,"footnotes":""},"categories":[14],"tags":[],"class_list":["post-355512","post","type-post","status-publish","format-standard","hentry","category-vijesti"],"_links":{"self":[{"href":"https:\/\/www.pcnen.com\/portal\/wp-json\/wp\/v2\/posts\/355512","targetHints":{"allow":["GET"]}}],"collection":[{"href":"https:\/\/www.pcnen.com\/portal\/wp-json\/wp\/v2\/posts"}],"about":[{"href":"https:\/\/www.pcnen.com\/portal\/wp-json\/wp\/v2\/types\/post"}],"author":[{"embeddable":true,"href":"https:\/\/www.pcnen.com\/portal\/wp-json\/wp\/v2\/users\/1"}],"replies":[{"embeddable":true,"href":"https:\/\/www.pcnen.com\/portal\/wp-json\/wp\/v2\/comments?post=355512"}],"version-history":[{"count":1,"href":"https:\/\/www.pcnen.com\/portal\/wp-json\/wp\/v2\/posts\/355512\/revisions"}],"predecessor-version":[{"id":355513,"href":"https:\/\/www.pcnen.com\/portal\/wp-json\/wp\/v2\/posts\/355512\/revisions\/355513"}],"wp:attachment":[{"href":"https:\/\/www.pcnen.com\/portal\/wp-json\/wp\/v2\/media?parent=355512"}],"wp:term":[{"taxonomy":"category","embeddable":true,"href":"https:\/\/www.pcnen.com\/portal\/wp-json\/wp\/v2\/categories?post=355512"},{"taxonomy":"post_tag","embeddable":true,"href":"https:\/\/www.pcnen.com\/portal\/wp-json\/wp\/v2\/tags?post=355512"}],"curies":[{"name":"wp","href":"https:\/\/api.w.org\/{rel}","templated":true}]}}