{"id":355499,"date":"2022-09-19T12:58:58","date_gmt":"2022-09-19T10:58:58","guid":{"rendered":"https:\/\/www.pcnen.com\/portal\/?p=355499"},"modified":"2022-09-19T12:58:58","modified_gmt":"2022-09-19T10:58:58","slug":"abazovic-bajden-moze-spasiti-zapadni-balkan","status":"publish","type":"post","link":"https:\/\/www.pcnen.com\/portal\/2022\/09\/19\/abazovic-bajden-moze-spasiti-zapadni-balkan\/","title":{"rendered":"Abazovi\u0107: Bajden mo\u017ee spasiti zapadni Balkan"},"content":{"rendered":"<p>On je u intervjuu za &#8220;Pavlovi\u0107 tudej&#8221; (The Pavlovic Today) ocienio da je korupcija generator nacionalizma.<\/p>\n<p>&#8220;Moja poruka za Bajdena je jednostavna. Predsjednik Bajden bi trebalo da koristi izvr\u0161ne naredbe da sankcioni\u0161e ljude koji su umije\u0161ani u korupciju na visokom nivou na Zapadnom Balkanu. To je najbolji i najjednostavniji na\u010din da predsjednik Bajden spasi zapadni Balkan&#8221;, rekao je Abazovi\u0107.<\/p>\n<p>Kako je dodao, ako region krene u pravcu nacionalizma i sukoba, posta\u0107e laka meta stranog uticaja.<\/p>\n<p>&#8220;Bilo da se radi o ruskom ili kineskom uticaju, ako Bajden misli da taj strani uticaj treba sprije\u010diti, mora da sankcioni\u0161e ljude. To bi bilo dovoljno da se zaustave politi\u010dki akteri koji Crnu Goru i region vode tim putem&#8221;, rekao je on.<\/p>\n<p>Na pitanje da li su nedavni sajber napadi na Vladinu IT infrastrukturu slu\u010dajno do\u0161li u isto vrijeme kad i aktuelni politi\u010dki doga\u0111aji u Crnoj Gori, ili je neko poku\u0161ao da testira dr\u017eavu, on je kazao da ne vjeruje da se bilo \u0161ta slu\u010dajno de\u0161ava kada su ozbiljni politi\u010dki doga\u0111aji u pitanju.<\/p>\n<p>&#8220;Destabilizacija ide u prilog onima koji ne \u017eele da vide vladavinu prava, onima koji i dalje \u017eele da vide nestabilnost na zapadnom Balkanu. Sajber napad se dogodio sutradan uve\u010de nakon glasanja o nepovjerenju Vladi. To je najve\u0107i napad na na\u0161u infrastrukturu koji smo ikada imali. Ne mo\u017eemo u ovom trenutku da ka\u017eemo da Rusija stoji iza ovog napada, niti \u017eelimo da to tvrdimo, ali stru\u010dnjaci iz FBI, iz Velike Britanije i Francuske istra\u017euju slu\u010daj. \u010cekamo kona\u010dni izvje\u0161taj&#8221;, kazao je on.<\/p>\n","protected":false},"excerpt":{"rendered":"<p>Predsjednik Vlade Crne Gore u tehni\u010dkom mandatu Dritan Abazovi\u0107 izjavio je danas da ameri\u010dki predsejdnik D\u017eozef Bajden mo\u017ee da spasi zapadni Balkan od potpadanja pod ruski i kineski uticaj, kao i da su SAD najva\u017eniji spoljnopoliti\u010dki partner Podgorice.<\/p>\n","protected":false},"author":1,"featured_media":318095,"comment_status":"open","ping_status":"closed","sticky":false,"template":"","format":"standard","meta":{"_seopress_robots_primary_cat":"","_seopress_titles_title":"","_seopress_titles_desc":"","_seopress_robots_index":"","_et_pb_use_builder":"","_et_pb_old_content":"","_et_gb_content_width":"","inline_featured_image":false,"footnotes":""},"categories":[14],"tags":[],"class_list":["post-355499","post","type-post","status-publish","format-standard","has-post-thumbnail","hentry","category-vijesti"],"_links":{"self":[{"href":"https:\/\/www.pcnen.com\/portal\/wp-json\/wp\/v2\/posts\/355499","targetHints":{"allow":["GET"]}}],"collection":[{"href":"https:\/\/www.pcnen.com\/portal\/wp-json\/wp\/v2\/posts"}],"about":[{"href":"https:\/\/www.pcnen.com\/portal\/wp-json\/wp\/v2\/types\/post"}],"author":[{"embeddable":true,"href":"https:\/\/www.pcnen.com\/portal\/wp-json\/wp\/v2\/users\/1"}],"replies":[{"embeddable":true,"href":"https:\/\/www.pcnen.com\/portal\/wp-json\/wp\/v2\/comments?post=355499"}],"version-history":[{"count":1,"href":"https:\/\/www.pcnen.com\/portal\/wp-json\/wp\/v2\/posts\/355499\/revisions"}],"predecessor-version":[{"id":355500,"href":"https:\/\/www.pcnen.com\/portal\/wp-json\/wp\/v2\/posts\/355499\/revisions\/355500"}],"wp:featuredmedia":[{"embeddable":true,"href":"https:\/\/www.pcnen.com\/portal\/wp-json\/wp\/v2\/media\/318095"}],"wp:attachment":[{"href":"https:\/\/www.pcnen.com\/portal\/wp-json\/wp\/v2\/media?parent=355499"}],"wp:term":[{"taxonomy":"category","embeddable":true,"href":"https:\/\/www.pcnen.com\/portal\/wp-json\/wp\/v2\/categories?post=355499"},{"taxonomy":"post_tag","embeddable":true,"href":"https:\/\/www.pcnen.com\/portal\/wp-json\/wp\/v2\/tags?post=355499"}],"curies":[{"name":"wp","href":"https:\/\/api.w.org\/{rel}","templated":true}]}}